{"id":10104,"date":"2024-03-15T11:11:29","date_gmt":"2024-03-15T10:11:29","guid":{"rendered":"https:\/\/www.lesseps.net\/carnaval-a-lescola\/"},"modified":"2024-03-18T16:25:55","modified_gmt":"2024-03-18T15:25:55","slug":"carnaval-a-lescola","status":"publish","type":"post","link":"https:\/\/www.lesseps.net\/ca\/carnaval-a-lescola\/","title":{"rendered":"Carnaval a l&#8217;Escola"},"content":{"rendered":"\t\t<div data-elementor-type=\"wp-post\" data-elementor-id=\"10104\" class=\"elementor elementor-10104 elementor-10086\" data-elementor-post-type=\"post\">\n\t\t\t\t\t\t<section class=\"elementor-section elementor-top-section elementor-element elementor-element-2dd20fb9 elementor-section-boxed elementor-section-height-default elementor-section-height-default\" data-id=\"2dd20fb9\" data-element_type=\"section\" data-e-type=\"section\">\n\t\t\t\t\t\t<div class=\"elementor-container elementor-column-gap-default\">\n\t\t\t\t\t<div class=\"elementor-column elementor-col-50 elementor-top-column elementor-element elementor-element-d90fb8f\" data-id=\"d90fb8f\" data-element_type=\"column\" data-e-type=\"column\">\n\t\t\t<div class=\"elementor-widget-wrap elementor-element-populated\">\n\t\t\t\t\t\t<div class=\"elementor-element elementor-element-2b2cec60 elementor-widget elementor-widget-text-editor\" data-id=\"2b2cec60\" data-element_type=\"widget\" data-e-type=\"widget\" data-widget_type=\"text-editor.default\">\n\t\t\t\t<div class=\"elementor-widget-container\">\n\t\t\t\t\t\t\t\t\t<p>A partir del 5 de febrer, va comen\u00e7ar <strong>la gran setmana de Carnaval<\/strong> per a l&#8217;alegria de tots !<\/p>\n<p>El dilluns tothom va portar <strong>&#8220;alguna cosa&#8221; al cap<\/strong>&#8230; dimarts els nens i nenes es van presentar a l&#8217;escola amb <strong>accessoris de nit<\/strong> (pijama, sabatilles, doudou, gorro de nit, roba de dormir&#8230;). El dimecres, <strong>jornada monocroma<\/strong>&#8230; el dijous, tots amb <strong>la roba a l&#8217;inrev\u00e9s<\/strong> ! I finalment el divendres, el gran dia ! U<strong>na rua de Carnaval<\/strong> va ser organitzada a l&#8217;escola per tots els alumnes i els professors. Cada classe va poder mostrar als altres alumnes les disfresses realitzades a classe<\/p>\n\t\t\t\t\t\t\t\t<\/div>\n\t\t\t\t<\/div>\n\t\t\t\t\t<\/div>\n\t\t<\/div>\n\t\t\t\t<div class=\"elementor-column elementor-col-50 elementor-top-column elementor-element elementor-element-4790a0e\" data-id=\"4790a0e\" data-element_type=\"column\" data-e-type=\"column\">\n\t\t\t<div class=\"elementor-widget-wrap\">\n\t\t\t\t\t\t\t<\/div>\n\t\t<\/div>\n\t\t\t\t\t<\/div>\n\t\t<\/section>\n\t\t\t\t<section class=\"elementor-section elementor-top-section elementor-element elementor-element-9b3dc68 elementor-section-boxed elementor-section-height-default elementor-section-height-default\" data-id=\"9b3dc68\" data-element_type=\"section\" data-e-type=\"section\">\n\t\t\t\t\t\t<div class=\"elementor-container elementor-column-gap-default\">\n\t\t\t\t\t<div class=\"elementor-column elementor-col-50 elementor-top-column elementor-element elementor-element-494497d\" data-id=\"494497d\" data-element_type=\"column\" data-e-type=\"column\">\n\t\t\t<div class=\"elementor-widget-wrap elementor-element-populated\">\n\t\t\t\t\t\t<div class=\"elementor-element elementor-element-9d95418 elementor-widget elementor-widget-image\" data-id=\"9d95418\" data-element_type=\"widget\" data-e-type=\"widget\" data-widget_type=\"image.default\">\n\t\t\t\t<div class=\"elementor-widget-container\">\n\t\t\t\t\t\t\t\t\t\t\t\t\t\t\t<img fetchpriority=\"high\" decoding=\"async\" width=\"640\" height=\"480\" src=\"https:\/\/www.lesseps.net\/wp-content\/uploads\/2024\/03\/carnaval-1.jpeg\" class=\"attachment-medium_large size-medium_large wp-image-10088\" alt=\"\" srcset=\"https:\/\/www.lesseps.net\/wp-content\/uploads\/2024\/03\/carnaval-1.jpeg 640w, https:\/\/www.lesseps.net\/wp-content\/uploads\/2024\/03\/carnaval-1-300x225.jpeg 300w\" sizes=\"(max-width: 640px) 100vw, 640px\" \/>\t\t\t\t\t\t\t\t\t\t\t\t\t\t\t<\/div>\n\t\t\t\t<\/div>\n\t\t\t\t\t<\/div>\n\t\t<\/div>\n\t\t\t\t<div class=\"elementor-column elementor-col-50 elementor-top-column elementor-element elementor-element-968fa3b\" data-id=\"968fa3b\" data-element_type=\"column\" data-e-type=\"column\">\n\t\t\t<div class=\"elementor-widget-wrap elementor-element-populated\">\n\t\t\t\t\t\t<div class=\"elementor-element elementor-element-b0dbe62 elementor-widget elementor-widget-image\" data-id=\"b0dbe62\" data-element_type=\"widget\" data-e-type=\"widget\" data-widget_type=\"image.default\">\n\t\t\t\t<div class=\"elementor-widget-container\">\n\t\t\t\t\t\t\t\t\t\t\t\t\t\t\t<img decoding=\"async\" width=\"640\" height=\"480\" src=\"https:\/\/www.lesseps.net\/wp-content\/uploads\/2024\/03\/carnaval-2.jpeg\" class=\"attachment-medium_large size-medium_large wp-image-10092\" alt=\"\" srcset=\"https:\/\/www.lesseps.net\/wp-content\/uploads\/2024\/03\/carnaval-2.jpeg 640w, https:\/\/www.lesseps.net\/wp-content\/uploads\/2024\/03\/carnaval-2-300x225.jpeg 300w\" sizes=\"(max-width: 640px) 100vw, 640px\" \/>\t\t\t\t\t\t\t\t\t\t\t\t\t\t\t<\/div>\n\t\t\t\t<\/div>\n\t\t\t\t\t<\/div>\n\t\t<\/div>\n\t\t\t\t\t<\/div>\n\t\t<\/section>\n\t\t\t\t<\/div>\n\t\t","protected":false},"excerpt":{"rendered":"<p>A partir del 5 de febrer, va comen\u00e7ar la gran setmana de Carnaval per a l&#8217;alegria de tots ! El dilluns tothom va portar &#8220;alguna cosa&#8221; al cap&#8230; dimarts els nens i nenes es van presentar a l&#8217;escola amb accessoris de nit (pijama, sabatilles, doudou, gorro de nit, roba de dormir&#8230;). El dimecres, jornada monocroma&#8230; [&hellip;]<\/p>\n","protected":false},"author":6,"featured_media":10092,"comment_status":"open","ping_status":"open","sticky":false,"template":"","format":"standard","meta":{"_acf_changed":false,"footnotes":""},"categories":[41],"tags":[],"class_list":["post-10104","post","type-post","status-publish","format-standard","has-post-thumbnail","hentry","category-sense-categoritzar"],"acf":[],"yoast_head":"<!-- This site is optimized with the Yoast SEO plugin v27.4 - https:\/\/yoast.com\/product\/yoast-seo-wordpress\/ -->\n<title>Carnaval a l&#039;Escola - \u00c9cole fran\u00e7aise FERDINAND DE LESSEPS<\/title>\n<meta name=\"robots\" content=\"index, follow, max-snippet:-1, max-image-preview:large, max-video-preview:-1\" \/>\n<link rel=\"canonical\" href=\"https:\/\/www.lesseps.net\/ca\/carnaval-a-lescola\/\" \/>\n<meta property=\"og:locale\" content=\"ca_ES\" \/>\n<meta property=\"og:type\" content=\"article\" \/>\n<meta property=\"og:title\" content=\"Carnaval a l&#039;Escola - \u00c9cole fran\u00e7aise FERDINAND DE LESSEPS\" \/>\n<meta property=\"og:description\" content=\"A partir del 5 de febrer, va comen\u00e7ar la gran setmana de Carnaval per a l&#8217;alegria de tots ! El dilluns tothom va portar &#8220;alguna cosa&#8221; al cap&#8230; dimarts els nens i nenes es van presentar a l&#8217;escola amb accessoris de nit (pijama, sabatilles, doudou, gorro de nit, roba de dormir&#8230;). El dimecres, jornada monocroma&#8230; [&hellip;]\" \/>\n<meta property=\"og:url\" content=\"https:\/\/www.lesseps.net\/ca\/carnaval-a-lescola\/\" \/>\n<meta property=\"og:site_name\" content=\"\u00c9cole fran\u00e7aise FERDINAND DE LESSEPS\" \/>\n<meta property=\"article:published_time\" content=\"2024-03-15T10:11:29+00:00\" \/>\n<meta property=\"article:modified_time\" content=\"2024-03-18T15:25:55+00:00\" \/>\n<meta property=\"og:image\" content=\"https:\/\/www.lesseps.net\/wp-content\/uploads\/2024\/03\/carnaval-2.jpeg\" \/>\n\t<meta property=\"og:image:width\" content=\"640\" \/>\n\t<meta property=\"og:image:height\" content=\"480\" \/>\n\t<meta property=\"og:image:type\" content=\"image\/jpeg\" \/>\n<meta name=\"author\" content=\"Ventura Fabregas\" \/>\n<meta name=\"twitter:card\" content=\"summary_large_image\" \/>\n<meta name=\"twitter:label1\" content=\"Escrit per\" \/>\n\t<meta name=\"twitter:data1\" content=\"Ventura Fabregas\" \/>\n<script type=\"application\/ld+json\" class=\"yoast-schema-graph\">{\"@context\":\"https:\\\/\\\/schema.org\",\"@graph\":[{\"@type\":\"Article\",\"@id\":\"https:\\\/\\\/www.lesseps.net\\\/ca\\\/carnaval-a-lescola\\\/#article\",\"isPartOf\":{\"@id\":\"https:\\\/\\\/www.lesseps.net\\\/ca\\\/carnaval-a-lescola\\\/\"},\"author\":{\"name\":\"Ventura Fabregas\",\"@id\":\"https:\\\/\\\/www.lesseps.net\\\/ca\\\/#\\\/schema\\\/person\\\/d777a1f60de495a645ad603addfd8af7\"},\"headline\":\"Carnaval a l&#8217;Escola\",\"datePublished\":\"2024-03-15T10:11:29+00:00\",\"dateModified\":\"2024-03-18T15:25:55+00:00\",\"mainEntityOfPage\":{\"@id\":\"https:\\\/\\\/www.lesseps.net\\\/ca\\\/carnaval-a-lescola\\\/\"},\"wordCount\":107,\"commentCount\":0,\"publisher\":{\"@id\":\"https:\\\/\\\/www.lesseps.net\\\/ca\\\/#organization\"},\"image\":{\"@id\":\"https:\\\/\\\/www.lesseps.net\\\/ca\\\/carnaval-a-lescola\\\/#primaryimage\"},\"thumbnailUrl\":\"https:\\\/\\\/www.lesseps.net\\\/wp-content\\\/uploads\\\/2024\\\/03\\\/carnaval-2.jpeg\",\"articleSection\":[\"Sense categoritzar\"],\"inLanguage\":\"ca\",\"potentialAction\":[{\"@type\":\"CommentAction\",\"name\":\"Comment\",\"target\":[\"https:\\\/\\\/www.lesseps.net\\\/ca\\\/carnaval-a-lescola\\\/#respond\"]}]},{\"@type\":\"WebPage\",\"@id\":\"https:\\\/\\\/www.lesseps.net\\\/ca\\\/carnaval-a-lescola\\\/\",\"url\":\"https:\\\/\\\/www.lesseps.net\\\/ca\\\/carnaval-a-lescola\\\/\",\"name\":\"Carnaval a l'Escola - \u00c9cole fran\u00e7aise FERDINAND DE LESSEPS\",\"isPartOf\":{\"@id\":\"https:\\\/\\\/www.lesseps.net\\\/ca\\\/#website\"},\"primaryImageOfPage\":{\"@id\":\"https:\\\/\\\/www.lesseps.net\\\/ca\\\/carnaval-a-lescola\\\/#primaryimage\"},\"image\":{\"@id\":\"https:\\\/\\\/www.lesseps.net\\\/ca\\\/carnaval-a-lescola\\\/#primaryimage\"},\"thumbnailUrl\":\"https:\\\/\\\/www.lesseps.net\\\/wp-content\\\/uploads\\\/2024\\\/03\\\/carnaval-2.jpeg\",\"datePublished\":\"2024-03-15T10:11:29+00:00\",\"dateModified\":\"2024-03-18T15:25:55+00:00\",\"breadcrumb\":{\"@id\":\"https:\\\/\\\/www.lesseps.net\\\/ca\\\/carnaval-a-lescola\\\/#breadcrumb\"},\"inLanguage\":\"ca\",\"potentialAction\":[{\"@type\":\"ReadAction\",\"target\":[\"https:\\\/\\\/www.lesseps.net\\\/ca\\\/carnaval-a-lescola\\\/\"]}]},{\"@type\":\"ImageObject\",\"inLanguage\":\"ca\",\"@id\":\"https:\\\/\\\/www.lesseps.net\\\/ca\\\/carnaval-a-lescola\\\/#primaryimage\",\"url\":\"https:\\\/\\\/www.lesseps.net\\\/wp-content\\\/uploads\\\/2024\\\/03\\\/carnaval-2.jpeg\",\"contentUrl\":\"https:\\\/\\\/www.lesseps.net\\\/wp-content\\\/uploads\\\/2024\\\/03\\\/carnaval-2.jpeg\",\"width\":640,\"height\":480},{\"@type\":\"BreadcrumbList\",\"@id\":\"https:\\\/\\\/www.lesseps.net\\\/ca\\\/carnaval-a-lescola\\\/#breadcrumb\",\"itemListElement\":[{\"@type\":\"ListItem\",\"position\":1,\"name\":\"Portada\",\"item\":\"https:\\\/\\\/www.lesseps.net\\\/ca\\\/\"},{\"@type\":\"ListItem\",\"position\":2,\"name\":\"Carnaval a l&#8217;Escola\"}]},{\"@type\":\"WebSite\",\"@id\":\"https:\\\/\\\/www.lesseps.net\\\/ca\\\/#website\",\"url\":\"https:\\\/\\\/www.lesseps.net\\\/ca\\\/\",\"name\":\"\u00c9cole fran\u00e7aise FERDINAND DE LESSEPS\",\"description\":\"Barcelona\",\"publisher\":{\"@id\":\"https:\\\/\\\/www.lesseps.net\\\/ca\\\/#organization\"},\"potentialAction\":[{\"@type\":\"SearchAction\",\"target\":{\"@type\":\"EntryPoint\",\"urlTemplate\":\"https:\\\/\\\/www.lesseps.net\\\/ca\\\/?s={search_term_string}\"},\"query-input\":{\"@type\":\"PropertyValueSpecification\",\"valueRequired\":true,\"valueName\":\"search_term_string\"}}],\"inLanguage\":\"ca\"},{\"@type\":\"Organization\",\"@id\":\"https:\\\/\\\/www.lesseps.net\\\/ca\\\/#organization\",\"name\":\"\u00c9cole fran\u00e7aise FERDINAND DE LESSEPS\",\"url\":\"https:\\\/\\\/www.lesseps.net\\\/ca\\\/\",\"logo\":{\"@type\":\"ImageObject\",\"inLanguage\":\"ca\",\"@id\":\"https:\\\/\\\/www.lesseps.net\\\/ca\\\/#\\\/schema\\\/logo\\\/image\\\/\",\"url\":\"https:\\\/\\\/www.lesseps.net\\\/wp-content\\\/uploads\\\/2023\\\/02\\\/ecole-francaise-ferniand-de-lesseps.svg\",\"contentUrl\":\"https:\\\/\\\/www.lesseps.net\\\/wp-content\\\/uploads\\\/2023\\\/02\\\/ecole-francaise-ferniand-de-lesseps.svg\",\"caption\":\"\u00c9cole fran\u00e7aise FERDINAND DE LESSEPS\"},\"image\":{\"@id\":\"https:\\\/\\\/www.lesseps.net\\\/ca\\\/#\\\/schema\\\/logo\\\/image\\\/\"},\"sameAs\":[\"https:\\\/\\\/www.instagram.com\\\/ecole.lesseps.barcelone\\\/\",\"https:\\\/\\\/vimeo.com\\\/channels\\\/1305370\",\"https:\\\/\\\/soundcloud.com\\\/lecole-2\"]},{\"@type\":\"Person\",\"@id\":\"https:\\\/\\\/www.lesseps.net\\\/ca\\\/#\\\/schema\\\/person\\\/d777a1f60de495a645ad603addfd8af7\",\"name\":\"Ventura Fabregas\",\"image\":{\"@type\":\"ImageObject\",\"inLanguage\":\"ca\",\"@id\":\"https:\\\/\\\/secure.gravatar.com\\\/avatar\\\/1daac0f356555caed6f1cb5e452226a6bb021a77ce0b9d5a886a9c080859350f?s=96&d=mm&r=g\",\"url\":\"https:\\\/\\\/secure.gravatar.com\\\/avatar\\\/1daac0f356555caed6f1cb5e452226a6bb021a77ce0b9d5a886a9c080859350f?s=96&d=mm&r=g\",\"contentUrl\":\"https:\\\/\\\/secure.gravatar.com\\\/avatar\\\/1daac0f356555caed6f1cb5e452226a6bb021a77ce0b9d5a886a9c080859350f?s=96&d=mm&r=g\",\"caption\":\"Ventura Fabregas\"}}]}<\/script>\n<!-- \/ Yoast SEO plugin. -->","yoast_head_json":{"title":"Carnaval a l'Escola - \u00c9cole fran\u00e7aise FERDINAND DE LESSEPS","robots":{"index":"index","follow":"follow","max-snippet":"max-snippet:-1","max-image-preview":"max-image-preview:large","max-video-preview":"max-video-preview:-1"},"canonical":"https:\/\/www.lesseps.net\/ca\/carnaval-a-lescola\/","og_locale":"ca_ES","og_type":"article","og_title":"Carnaval a l'Escola - \u00c9cole fran\u00e7aise FERDINAND DE LESSEPS","og_description":"A partir del 5 de febrer, va comen\u00e7ar la gran setmana de Carnaval per a l&#8217;alegria de tots ! El dilluns tothom va portar &#8220;alguna cosa&#8221; al cap&#8230; dimarts els nens i nenes es van presentar a l&#8217;escola amb accessoris de nit (pijama, sabatilles, doudou, gorro de nit, roba de dormir&#8230;). El dimecres, jornada monocroma&#8230; [&hellip;]","og_url":"https:\/\/www.lesseps.net\/ca\/carnaval-a-lescola\/","og_site_name":"\u00c9cole fran\u00e7aise FERDINAND DE LESSEPS","article_published_time":"2024-03-15T10:11:29+00:00","article_modified_time":"2024-03-18T15:25:55+00:00","og_image":[{"width":640,"height":480,"url":"https:\/\/www.lesseps.net\/wp-content\/uploads\/2024\/03\/carnaval-2.jpeg","type":"image\/jpeg"}],"author":"Ventura Fabregas","twitter_card":"summary_large_image","twitter_misc":{"Escrit per":"Ventura Fabregas"},"schema":{"@context":"https:\/\/schema.org","@graph":[{"@type":"Article","@id":"https:\/\/www.lesseps.net\/ca\/carnaval-a-lescola\/#article","isPartOf":{"@id":"https:\/\/www.lesseps.net\/ca\/carnaval-a-lescola\/"},"author":{"name":"Ventura Fabregas","@id":"https:\/\/www.lesseps.net\/ca\/#\/schema\/person\/d777a1f60de495a645ad603addfd8af7"},"headline":"Carnaval a l&#8217;Escola","datePublished":"2024-03-15T10:11:29+00:00","dateModified":"2024-03-18T15:25:55+00:00","mainEntityOfPage":{"@id":"https:\/\/www.lesseps.net\/ca\/carnaval-a-lescola\/"},"wordCount":107,"commentCount":0,"publisher":{"@id":"https:\/\/www.lesseps.net\/ca\/#organization"},"image":{"@id":"https:\/\/www.lesseps.net\/ca\/carnaval-a-lescola\/#primaryimage"},"thumbnailUrl":"https:\/\/www.lesseps.net\/wp-content\/uploads\/2024\/03\/carnaval-2.jpeg","articleSection":["Sense categoritzar"],"inLanguage":"ca","potentialAction":[{"@type":"CommentAction","name":"Comment","target":["https:\/\/www.lesseps.net\/ca\/carnaval-a-lescola\/#respond"]}]},{"@type":"WebPage","@id":"https:\/\/www.lesseps.net\/ca\/carnaval-a-lescola\/","url":"https:\/\/www.lesseps.net\/ca\/carnaval-a-lescola\/","name":"Carnaval a l'Escola - \u00c9cole fran\u00e7aise FERDINAND DE LESSEPS","isPartOf":{"@id":"https:\/\/www.lesseps.net\/ca\/#website"},"primaryImageOfPage":{"@id":"https:\/\/www.lesseps.net\/ca\/carnaval-a-lescola\/#primaryimage"},"image":{"@id":"https:\/\/www.lesseps.net\/ca\/carnaval-a-lescola\/#primaryimage"},"thumbnailUrl":"https:\/\/www.lesseps.net\/wp-content\/uploads\/2024\/03\/carnaval-2.jpeg","datePublished":"2024-03-15T10:11:29+00:00","dateModified":"2024-03-18T15:25:55+00:00","breadcrumb":{"@id":"https:\/\/www.lesseps.net\/ca\/carnaval-a-lescola\/#breadcrumb"},"inLanguage":"ca","potentialAction":[{"@type":"ReadAction","target":["https:\/\/www.lesseps.net\/ca\/carnaval-a-lescola\/"]}]},{"@type":"ImageObject","inLanguage":"ca","@id":"https:\/\/www.lesseps.net\/ca\/carnaval-a-lescola\/#primaryimage","url":"https:\/\/www.lesseps.net\/wp-content\/uploads\/2024\/03\/carnaval-2.jpeg","contentUrl":"https:\/\/www.lesseps.net\/wp-content\/uploads\/2024\/03\/carnaval-2.jpeg","width":640,"height":480},{"@type":"BreadcrumbList","@id":"https:\/\/www.lesseps.net\/ca\/carnaval-a-lescola\/#breadcrumb","itemListElement":[{"@type":"ListItem","position":1,"name":"Portada","item":"https:\/\/www.lesseps.net\/ca\/"},{"@type":"ListItem","position":2,"name":"Carnaval a l&#8217;Escola"}]},{"@type":"WebSite","@id":"https:\/\/www.lesseps.net\/ca\/#website","url":"https:\/\/www.lesseps.net\/ca\/","name":"\u00c9cole fran\u00e7aise FERDINAND DE LESSEPS","description":"Barcelona","publisher":{"@id":"https:\/\/www.lesseps.net\/ca\/#organization"},"potentialAction":[{"@type":"SearchAction","target":{"@type":"EntryPoint","urlTemplate":"https:\/\/www.lesseps.net\/ca\/?s={search_term_string}"},"query-input":{"@type":"PropertyValueSpecification","valueRequired":true,"valueName":"search_term_string"}}],"inLanguage":"ca"},{"@type":"Organization","@id":"https:\/\/www.lesseps.net\/ca\/#organization","name":"\u00c9cole fran\u00e7aise FERDINAND DE LESSEPS","url":"https:\/\/www.lesseps.net\/ca\/","logo":{"@type":"ImageObject","inLanguage":"ca","@id":"https:\/\/www.lesseps.net\/ca\/#\/schema\/logo\/image\/","url":"https:\/\/www.lesseps.net\/wp-content\/uploads\/2023\/02\/ecole-francaise-ferniand-de-lesseps.svg","contentUrl":"https:\/\/www.lesseps.net\/wp-content\/uploads\/2023\/02\/ecole-francaise-ferniand-de-lesseps.svg","caption":"\u00c9cole fran\u00e7aise FERDINAND DE LESSEPS"},"image":{"@id":"https:\/\/www.lesseps.net\/ca\/#\/schema\/logo\/image\/"},"sameAs":["https:\/\/www.instagram.com\/ecole.lesseps.barcelone\/","https:\/\/vimeo.com\/channels\/1305370","https:\/\/soundcloud.com\/lecole-2"]},{"@type":"Person","@id":"https:\/\/www.lesseps.net\/ca\/#\/schema\/person\/d777a1f60de495a645ad603addfd8af7","name":"Ventura Fabregas","image":{"@type":"ImageObject","inLanguage":"ca","@id":"https:\/\/secure.gravatar.com\/avatar\/1daac0f356555caed6f1cb5e452226a6bb021a77ce0b9d5a886a9c080859350f?s=96&d=mm&r=g","url":"https:\/\/secure.gravatar.com\/avatar\/1daac0f356555caed6f1cb5e452226a6bb021a77ce0b9d5a886a9c080859350f?s=96&d=mm&r=g","contentUrl":"https:\/\/secure.gravatar.com\/avatar\/1daac0f356555caed6f1cb5e452226a6bb021a77ce0b9d5a886a9c080859350f?s=96&d=mm&r=g","caption":"Ventura Fabregas"}}]}},"_links":{"self":[{"href":"https:\/\/www.lesseps.net\/ca\/wp-json\/wp\/v2\/posts\/10104","targetHints":{"allow":["GET"]}}],"collection":[{"href":"https:\/\/www.lesseps.net\/ca\/wp-json\/wp\/v2\/posts"}],"about":[{"href":"https:\/\/www.lesseps.net\/ca\/wp-json\/wp\/v2\/types\/post"}],"author":[{"embeddable":true,"href":"https:\/\/www.lesseps.net\/ca\/wp-json\/wp\/v2\/users\/6"}],"replies":[{"embeddable":true,"href":"https:\/\/www.lesseps.net\/ca\/wp-json\/wp\/v2\/comments?post=10104"}],"version-history":[{"count":2,"href":"https:\/\/www.lesseps.net\/ca\/wp-json\/wp\/v2\/posts\/10104\/revisions"}],"predecessor-version":[{"id":10120,"href":"https:\/\/www.lesseps.net\/ca\/wp-json\/wp\/v2\/posts\/10104\/revisions\/10120"}],"wp:featuredmedia":[{"embeddable":true,"href":"https:\/\/www.lesseps.net\/ca\/wp-json\/wp\/v2\/media\/10092"}],"wp:attachment":[{"href":"https:\/\/www.lesseps.net\/ca\/wp-json\/wp\/v2\/media?parent=10104"}],"wp:term":[{"taxonomy":"category","embeddable":true,"href":"https:\/\/www.lesseps.net\/ca\/wp-json\/wp\/v2\/categories?post=10104"},{"taxonomy":"post_tag","embeddable":true,"href":"https:\/\/www.lesseps.net\/ca\/wp-json\/wp\/v2\/tags?post=10104"}],"curies":[{"name":"wp","href":"https:\/\/api.w.org\/{rel}","templated":true}]}}