{"id":11546,"date":"2025-06-16T11:39:46","date_gmt":"2025-06-16T09:39:46","guid":{"rendered":"https:\/\/www.lesseps.net\/els-alumnes-de-cm2a-i-cm1-cm2-han-representat-les-seves-obres-de-teatre-linstitut-francais-i-al-lycee-de-valencia\/"},"modified":"2025-06-26T12:09:53","modified_gmt":"2025-06-26T10:09:53","slug":"els-alumnes-de-cm2a-i-cm1-cm2-han-representat-les-seves-obres-de-teatre-linstitut-francais-i-al-lycee-de-valencia","status":"publish","type":"post","link":"https:\/\/www.lesseps.net\/ca\/els-alumnes-de-cm2a-i-cm1-cm2-han-representat-les-seves-obres-de-teatre-linstitut-francais-i-al-lycee-de-valencia\/","title":{"rendered":"Els alumnes de CM2A i CM1 \/ CM2 han representat les seves obres de teatre l&#8217;Institut Fran\u00e7ais i al Lyc\u00e9e de Valencia"},"content":{"rendered":"\t\t<div data-elementor-type=\"wp-post\" data-elementor-id=\"11546\" class=\"elementor elementor-11546 elementor-11460\" data-elementor-post-type=\"post\">\n\t\t\t\t\t\t<section class=\"elementor-section elementor-top-section elementor-element elementor-element-597025a elementor-section-boxed elementor-section-height-default elementor-section-height-default\" data-id=\"597025a\" data-element_type=\"section\" data-e-type=\"section\">\n\t\t\t\t\t\t<div class=\"elementor-container elementor-column-gap-default\">\n\t\t\t\t\t<div class=\"elementor-column elementor-col-100 elementor-top-column elementor-element elementor-element-8756fc7\" data-id=\"8756fc7\" data-element_type=\"column\" data-e-type=\"column\">\n\t\t\t<div class=\"elementor-widget-wrap elementor-element-populated\">\n\t\t\t\t\t\t<div class=\"elementor-element elementor-element-57794a4 elementor-widget elementor-widget-text-editor\" data-id=\"57794a4\" data-element_type=\"widget\" data-e-type=\"widget\" data-widget_type=\"text-editor.default\">\n\t\t\t\t<div class=\"elementor-widget-container\">\n\t\t\t\t\t\t\t\t\t<p><span style=\"font-family: 'Arial',sans-serif; color: #222222;\">Despr\u00e9s de mesos de lectura, escriptura en totes les lleng\u00fces ensenyades a l&#8217;escola, posada en escena, fabricaci\u00f3 de disfresses, decorats i sons, els alumnes de les classes de CM2A i de CM1\/CM2 van presentar a les seves fam\u00edlies les seves obres de teatre a l\u2019Institut Franc\u00e8s de Barcelona.<\/span><\/p>\n<p><span style=\"font-family: 'Arial',sans-serif; color: #222222;\">Agra\u00efm a totes les persones que els han acompanyat en els seus projectes i esperem que aquestes imatges els agradin.<\/span><\/p>\n\t\t\t\t\t\t\t\t<\/div>\n\t\t\t\t<\/div>\n\t\t\t\t\t<\/div>\n\t\t<\/div>\n\t\t\t\t\t<\/div>\n\t\t<\/section>\n\t\t\t\t<section class=\"elementor-section elementor-top-section elementor-element elementor-element-925282a elementor-section-boxed elementor-section-height-default elementor-section-height-default\" data-id=\"925282a\" data-element_type=\"section\" data-e-type=\"section\">\n\t\t\t\t\t\t<div class=\"elementor-container elementor-column-gap-default\">\n\t\t\t\t\t<div class=\"elementor-column elementor-col-100 elementor-top-column elementor-element elementor-element-dc72e25\" data-id=\"dc72e25\" data-element_type=\"column\" data-e-type=\"column\">\n\t\t\t<div class=\"elementor-widget-wrap elementor-element-populated\">\n\t\t\t\t\t\t<div class=\"elementor-element elementor-element-fe81e04 elementor-widget elementor-widget-video\" data-id=\"fe81e04\" data-element_type=\"widget\" data-e-type=\"widget\" data-settings=\"{&quot;video_type&quot;:&quot;vimeo&quot;}\" data-widget_type=\"video.default\">\n\t\t\t\t<div class=\"elementor-widget-container\">\n\t\t\t\t\t\t\t<div class=\"elementor-wrapper elementor-open-inline\">\n\t\t\t<iframe class=\"elementor-video-iframe\" allowfullscreen allow=\"clipboard-write\" title=\"Reproductor de v\u00eddeo vimeo\" src=\"https:\/\/player.vimeo.com\/video\/1090784011?color&amp;autopause=0&amp;loop=0&amp;muted=0&amp;title=1&amp;portrait=1&amp;byline=1#t=\"><\/iframe>\t\t<\/div>\n\t\t\t\t\t\t<\/div>\n\t\t\t\t<\/div>\n\t\t\t\t<div class=\"elementor-element elementor-element-f5d4059 elementor-widget elementor-widget-video\" data-id=\"f5d4059\" data-element_type=\"widget\" data-e-type=\"widget\" data-settings=\"{&quot;video_type&quot;:&quot;vimeo&quot;}\" data-widget_type=\"video.default\">\n\t\t\t\t<div class=\"elementor-widget-container\">\n\t\t\t\t\t\t\t<div class=\"elementor-wrapper elementor-open-inline\">\n\t\t\t<iframe class=\"elementor-video-iframe\" allowfullscreen allow=\"clipboard-write\" title=\"Reproductor de v\u00eddeo vimeo\" src=\"https:\/\/player.vimeo.com\/video\/1090782366?color&amp;autopause=0&amp;loop=0&amp;muted=0&amp;title=1&amp;portrait=1&amp;byline=1#t=\"><\/iframe>\t\t<\/div>\n\t\t\t\t\t\t<\/div>\n\t\t\t\t<\/div>\n\t\t\t\t\t<\/div>\n\t\t<\/div>\n\t\t\t\t\t<\/div>\n\t\t<\/section>\n\t\t\t\t<section class=\"elementor-section elementor-top-section elementor-element elementor-element-64dee1c elementor-section-boxed elementor-section-height-default elementor-section-height-default\" data-id=\"64dee1c\" data-element_type=\"section\" data-e-type=\"section\">\n\t\t\t\t\t\t<div class=\"elementor-container elementor-column-gap-default\">\n\t\t\t\t\t<div class=\"elementor-column elementor-col-100 elementor-top-column elementor-element elementor-element-43be6f6\" data-id=\"43be6f6\" data-element_type=\"column\" data-e-type=\"column\">\n\t\t\t<div class=\"elementor-widget-wrap elementor-element-populated\">\n\t\t\t\t\t\t<div class=\"elementor-element elementor-element-6c9f62e elementor-widget elementor-widget-text-editor\" data-id=\"6c9f62e\" data-element_type=\"widget\" data-e-type=\"widget\" data-widget_type=\"text-editor.default\">\n\t\t\t\t<div class=\"elementor-widget-container\">\n\t\t\t\t\t\t\t\t\t<p>A l\u2019abril, la classe de CM1\/CM2 va tenir la sort de participar en el primer Festival de teatre i pedagogia organitzat pel Liceu Franc\u00e8s de Val\u00e8ncia. Aqu\u00ed teniu un petit resum en imatges d\u2019aquell magn\u00edfic moment.<\/p>\n\t\t\t\t\t\t\t\t<\/div>\n\t\t\t\t<\/div>\n\t\t\t\t\t<\/div>\n\t\t<\/div>\n\t\t\t\t\t<\/div>\n\t\t<\/section>\n\t\t\t\t<section class=\"elementor-section elementor-top-section elementor-element elementor-element-5f588f5 elementor-section-boxed elementor-section-height-default elementor-section-height-default\" data-id=\"5f588f5\" data-element_type=\"section\" data-e-type=\"section\">\n\t\t\t\t\t\t<div class=\"elementor-container elementor-column-gap-default\">\n\t\t\t\t\t<div class=\"elementor-column elementor-col-100 elementor-top-column elementor-element elementor-element-7add0e8\" data-id=\"7add0e8\" data-element_type=\"column\" data-e-type=\"column\">\n\t\t\t<div class=\"elementor-widget-wrap elementor-element-populated\">\n\t\t\t\t\t\t<div class=\"elementor-element elementor-element-27a3628 elementor-widget elementor-widget-html\" data-id=\"27a3628\" data-element_type=\"widget\" data-e-type=\"widget\" data-widget_type=\"html.default\">\n\t\t\t\t<div class=\"elementor-widget-container\">\n\t\t\t\t\t<iframe width=\"560\" height=\"560\" src=\"https:\/\/www.youtube.com\/embed\/ab9JGH963GM?si=72LZav44D9ihD_Fs\" title=\"YouTube video player\" frameborder=\"0\" allow=\"accelerometer; autoplay; clipboard-write; encrypted-media; gyroscope; picture-in-picture; web-share\" referrerpolicy=\"strict-origin-when-cross-origin\" allowfullscreen><\/iframe>\t\t\t\t<\/div>\n\t\t\t\t<\/div>\n\t\t\t\t\t<\/div>\n\t\t<\/div>\n\t\t\t\t\t<\/div>\n\t\t<\/section>\n\t\t\t\t<\/div>\n\t\t","protected":false},"excerpt":{"rendered":"<p>Despr\u00e9s de mesos de lectura, escriptura en totes les lleng\u00fces ensenyades a l&#8217;escola, posada en escena, fabricaci\u00f3 de disfresses, decorats i sons, els alumnes de les classes de CM2A i de CM1\/CM2 van presentar a les seves fam\u00edlies les seves obres de teatre a l\u2019Institut Franc\u00e8s de Barcelona. Agra\u00efm a totes les persones que els [&hellip;]<\/p>\n","protected":false},"author":1,"featured_media":11442,"comment_status":"open","ping_status":"open","sticky":false,"template":"","format":"standard","meta":{"_acf_changed":false,"footnotes":""},"categories":[41],"tags":[],"class_list":["post-11546","post","type-post","status-publish","format-standard","has-post-thumbnail","hentry","category-sense-categoritzar"],"acf":[],"yoast_head":"<!-- This site is optimized with the Yoast SEO plugin v27.4 - https:\/\/yoast.com\/product\/yoast-seo-wordpress\/ -->\n<title>Els alumnes de CM2A i CM1 \/ CM2 han representat les seves obres de teatre l&#039;Institut Fran\u00e7ais i al Lyc\u00e9e de Valencia - \u00c9cole fran\u00e7aise FERDINAND DE LESSEPS<\/title>\n<meta name=\"robots\" content=\"index, follow, max-snippet:-1, max-image-preview:large, max-video-preview:-1\" \/>\n<link rel=\"canonical\" href=\"https:\/\/www.lesseps.net\/ca\/els-alumnes-de-cm2a-i-cm1-cm2-han-representat-les-seves-obres-de-teatre-linstitut-francais-i-al-lycee-de-valencia\/\" \/>\n<meta property=\"og:locale\" content=\"ca_ES\" \/>\n<meta property=\"og:type\" content=\"article\" \/>\n<meta property=\"og:title\" content=\"Els alumnes de CM2A i CM1 \/ CM2 han representat les seves obres de teatre l&#039;Institut Fran\u00e7ais i al Lyc\u00e9e de Valencia - \u00c9cole fran\u00e7aise FERDINAND DE LESSEPS\" \/>\n<meta property=\"og:description\" content=\"Despr\u00e9s de mesos de lectura, escriptura en totes les lleng\u00fces ensenyades a l&#8217;escola, posada en escena, fabricaci\u00f3 de disfresses, decorats i sons, els alumnes de les classes de CM2A i de CM1\/CM2 van presentar a les seves fam\u00edlies les seves obres de teatre a l\u2019Institut Franc\u00e8s de Barcelona. Agra\u00efm a totes les persones que els [&hellip;]\" \/>\n<meta property=\"og:url\" content=\"https:\/\/www.lesseps.net\/ca\/els-alumnes-de-cm2a-i-cm1-cm2-han-representat-les-seves-obres-de-teatre-linstitut-francais-i-al-lycee-de-valencia\/\" \/>\n<meta property=\"og:site_name\" content=\"\u00c9cole fran\u00e7aise FERDINAND DE LESSEPS\" \/>\n<meta property=\"article:published_time\" content=\"2025-06-16T09:39:46+00:00\" \/>\n<meta property=\"article:modified_time\" content=\"2025-06-26T10:09:53+00:00\" \/>\n<meta property=\"og:image\" content=\"https:\/\/www.lesseps.net\/wp-content\/uploads\/2025\/06\/Photo-OK-destacat-e1750067805697.jpg\" \/>\n\t<meta property=\"og:image:width\" content=\"1174\" \/>\n\t<meta property=\"og:image:height\" content=\"824\" \/>\n\t<meta property=\"og:image:type\" content=\"image\/jpeg\" \/>\n<meta name=\"author\" content=\"b885c830be\" \/>\n<meta name=\"twitter:card\" content=\"summary_large_image\" \/>\n<meta name=\"twitter:label1\" content=\"Escrit per\" \/>\n\t<meta name=\"twitter:data1\" content=\"b885c830be\" \/>\n\t<meta name=\"twitter:label2\" content=\"Temps estimat de lectura\" \/>\n\t<meta name=\"twitter:data2\" content=\"1 minut\" \/>\n<script type=\"application\/ld+json\" class=\"yoast-schema-graph\">{\"@context\":\"https:\\\/\\\/schema.org\",\"@graph\":[{\"@type\":\"Article\",\"@id\":\"https:\\\/\\\/www.lesseps.net\\\/ca\\\/els-alumnes-de-cm2a-i-cm1-cm2-han-representat-les-seves-obres-de-teatre-linstitut-francais-i-al-lycee-de-valencia\\\/#article\",\"isPartOf\":{\"@id\":\"https:\\\/\\\/www.lesseps.net\\\/ca\\\/els-alumnes-de-cm2a-i-cm1-cm2-han-representat-les-seves-obres-de-teatre-linstitut-francais-i-al-lycee-de-valencia\\\/\"},\"author\":{\"name\":\"b885c830be\",\"@id\":\"https:\\\/\\\/www.lesseps.net\\\/ca\\\/#\\\/schema\\\/person\\\/65b2a0b5d5a551ac52211b86014d1e0b\"},\"headline\":\"Els alumnes de CM2A i CM1 \\\/ CM2 han representat les seves obres de teatre l&#8217;Institut Fran\u00e7ais i al Lyc\u00e9e de Valencia\",\"datePublished\":\"2025-06-16T09:39:46+00:00\",\"dateModified\":\"2025-06-26T10:09:53+00:00\",\"mainEntityOfPage\":{\"@id\":\"https:\\\/\\\/www.lesseps.net\\\/ca\\\/els-alumnes-de-cm2a-i-cm1-cm2-han-representat-les-seves-obres-de-teatre-linstitut-francais-i-al-lycee-de-valencia\\\/\"},\"wordCount\":150,\"commentCount\":0,\"publisher\":{\"@id\":\"https:\\\/\\\/www.lesseps.net\\\/ca\\\/#organization\"},\"image\":{\"@id\":\"https:\\\/\\\/www.lesseps.net\\\/ca\\\/els-alumnes-de-cm2a-i-cm1-cm2-han-representat-les-seves-obres-de-teatre-linstitut-francais-i-al-lycee-de-valencia\\\/#primaryimage\"},\"thumbnailUrl\":\"https:\\\/\\\/www.lesseps.net\\\/wp-content\\\/uploads\\\/2025\\\/06\\\/Photo-OK-destacat-e1750067805697.jpg\",\"articleSection\":[\"Sense categoritzar\"],\"inLanguage\":\"ca\",\"potentialAction\":[{\"@type\":\"CommentAction\",\"name\":\"Comment\",\"target\":[\"https:\\\/\\\/www.lesseps.net\\\/ca\\\/els-alumnes-de-cm2a-i-cm1-cm2-han-representat-les-seves-obres-de-teatre-linstitut-francais-i-al-lycee-de-valencia\\\/#respond\"]}]},{\"@type\":\"WebPage\",\"@id\":\"https:\\\/\\\/www.lesseps.net\\\/ca\\\/els-alumnes-de-cm2a-i-cm1-cm2-han-representat-les-seves-obres-de-teatre-linstitut-francais-i-al-lycee-de-valencia\\\/\",\"url\":\"https:\\\/\\\/www.lesseps.net\\\/ca\\\/els-alumnes-de-cm2a-i-cm1-cm2-han-representat-les-seves-obres-de-teatre-linstitut-francais-i-al-lycee-de-valencia\\\/\",\"name\":\"Els alumnes de CM2A i CM1 \\\/ CM2 han representat les seves obres de teatre l'Institut Fran\u00e7ais i al Lyc\u00e9e de Valencia - \u00c9cole fran\u00e7aise FERDINAND DE LESSEPS\",\"isPartOf\":{\"@id\":\"https:\\\/\\\/www.lesseps.net\\\/ca\\\/#website\"},\"primaryImageOfPage\":{\"@id\":\"https:\\\/\\\/www.lesseps.net\\\/ca\\\/els-alumnes-de-cm2a-i-cm1-cm2-han-representat-les-seves-obres-de-teatre-linstitut-francais-i-al-lycee-de-valencia\\\/#primaryimage\"},\"image\":{\"@id\":\"https:\\\/\\\/www.lesseps.net\\\/ca\\\/els-alumnes-de-cm2a-i-cm1-cm2-han-representat-les-seves-obres-de-teatre-linstitut-francais-i-al-lycee-de-valencia\\\/#primaryimage\"},\"thumbnailUrl\":\"https:\\\/\\\/www.lesseps.net\\\/wp-content\\\/uploads\\\/2025\\\/06\\\/Photo-OK-destacat-e1750067805697.jpg\",\"datePublished\":\"2025-06-16T09:39:46+00:00\",\"dateModified\":\"2025-06-26T10:09:53+00:00\",\"breadcrumb\":{\"@id\":\"https:\\\/\\\/www.lesseps.net\\\/ca\\\/els-alumnes-de-cm2a-i-cm1-cm2-han-representat-les-seves-obres-de-teatre-linstitut-francais-i-al-lycee-de-valencia\\\/#breadcrumb\"},\"inLanguage\":\"ca\",\"potentialAction\":[{\"@type\":\"ReadAction\",\"target\":[\"https:\\\/\\\/www.lesseps.net\\\/ca\\\/els-alumnes-de-cm2a-i-cm1-cm2-han-representat-les-seves-obres-de-teatre-linstitut-francais-i-al-lycee-de-valencia\\\/\"]}]},{\"@type\":\"ImageObject\",\"inLanguage\":\"ca\",\"@id\":\"https:\\\/\\\/www.lesseps.net\\\/ca\\\/els-alumnes-de-cm2a-i-cm1-cm2-han-representat-les-seves-obres-de-teatre-linstitut-francais-i-al-lycee-de-valencia\\\/#primaryimage\",\"url\":\"https:\\\/\\\/www.lesseps.net\\\/wp-content\\\/uploads\\\/2025\\\/06\\\/Photo-OK-destacat-e1750067805697.jpg\",\"contentUrl\":\"https:\\\/\\\/www.lesseps.net\\\/wp-content\\\/uploads\\\/2025\\\/06\\\/Photo-OK-destacat-e1750067805697.jpg\",\"width\":1174,\"height\":824,\"caption\":\"Screenshot\"},{\"@type\":\"BreadcrumbList\",\"@id\":\"https:\\\/\\\/www.lesseps.net\\\/ca\\\/els-alumnes-de-cm2a-i-cm1-cm2-han-representat-les-seves-obres-de-teatre-linstitut-francais-i-al-lycee-de-valencia\\\/#breadcrumb\",\"itemListElement\":[{\"@type\":\"ListItem\",\"position\":1,\"name\":\"Portada\",\"item\":\"https:\\\/\\\/www.lesseps.net\\\/ca\\\/\"},{\"@type\":\"ListItem\",\"position\":2,\"name\":\"Els alumnes de CM2A i CM1 \\\/ CM2 han representat les seves obres de teatre l&#8217;Institut Fran\u00e7ais i al Lyc\u00e9e de Valencia\"}]},{\"@type\":\"WebSite\",\"@id\":\"https:\\\/\\\/www.lesseps.net\\\/ca\\\/#website\",\"url\":\"https:\\\/\\\/www.lesseps.net\\\/ca\\\/\",\"name\":\"\u00c9cole fran\u00e7aise FERDINAND DE LESSEPS\",\"description\":\"Barcelona\",\"publisher\":{\"@id\":\"https:\\\/\\\/www.lesseps.net\\\/ca\\\/#organization\"},\"potentialAction\":[{\"@type\":\"SearchAction\",\"target\":{\"@type\":\"EntryPoint\",\"urlTemplate\":\"https:\\\/\\\/www.lesseps.net\\\/ca\\\/?s={search_term_string}\"},\"query-input\":{\"@type\":\"PropertyValueSpecification\",\"valueRequired\":true,\"valueName\":\"search_term_string\"}}],\"inLanguage\":\"ca\"},{\"@type\":\"Organization\",\"@id\":\"https:\\\/\\\/www.lesseps.net\\\/ca\\\/#organization\",\"name\":\"\u00c9cole fran\u00e7aise FERDINAND DE LESSEPS\",\"url\":\"https:\\\/\\\/www.lesseps.net\\\/ca\\\/\",\"logo\":{\"@type\":\"ImageObject\",\"inLanguage\":\"ca\",\"@id\":\"https:\\\/\\\/www.lesseps.net\\\/ca\\\/#\\\/schema\\\/logo\\\/image\\\/\",\"url\":\"https:\\\/\\\/www.lesseps.net\\\/wp-content\\\/uploads\\\/2023\\\/02\\\/ecole-francaise-ferniand-de-lesseps.svg\",\"contentUrl\":\"https:\\\/\\\/www.lesseps.net\\\/wp-content\\\/uploads\\\/2023\\\/02\\\/ecole-francaise-ferniand-de-lesseps.svg\",\"caption\":\"\u00c9cole fran\u00e7aise FERDINAND DE LESSEPS\"},\"image\":{\"@id\":\"https:\\\/\\\/www.lesseps.net\\\/ca\\\/#\\\/schema\\\/logo\\\/image\\\/\"},\"sameAs\":[\"https:\\\/\\\/www.instagram.com\\\/ecole.lesseps.barcelone\\\/\",\"https:\\\/\\\/vimeo.com\\\/channels\\\/1305370\",\"https:\\\/\\\/soundcloud.com\\\/lecole-2\"]},{\"@type\":\"Person\",\"@id\":\"https:\\\/\\\/www.lesseps.net\\\/ca\\\/#\\\/schema\\\/person\\\/65b2a0b5d5a551ac52211b86014d1e0b\",\"name\":\"b885c830be\",\"image\":{\"@type\":\"ImageObject\",\"inLanguage\":\"ca\",\"@id\":\"https:\\\/\\\/secure.gravatar.com\\\/avatar\\\/41cf099fc19fcd9e0edaa3c335c60c6eb87ee9ec89fa5c0e24a030cb4da1fdea?s=96&d=mm&r=g\",\"url\":\"https:\\\/\\\/secure.gravatar.com\\\/avatar\\\/41cf099fc19fcd9e0edaa3c335c60c6eb87ee9ec89fa5c0e24a030cb4da1fdea?s=96&d=mm&r=g\",\"contentUrl\":\"https:\\\/\\\/secure.gravatar.com\\\/avatar\\\/41cf099fc19fcd9e0edaa3c335c60c6eb87ee9ec89fa5c0e24a030cb4da1fdea?s=96&d=mm&r=g\",\"caption\":\"b885c830be\"},\"sameAs\":[\"https:\\\/\\\/www.lesseps.net\\\/newsite\"]}]}<\/script>\n<!-- \/ Yoast SEO plugin. -->","yoast_head_json":{"title":"Els alumnes de CM2A i CM1 \/ CM2 han representat les seves obres de teatre l'Institut Fran\u00e7ais i al Lyc\u00e9e de Valencia - \u00c9cole fran\u00e7aise FERDINAND DE LESSEPS","robots":{"index":"index","follow":"follow","max-snippet":"max-snippet:-1","max-image-preview":"max-image-preview:large","max-video-preview":"max-video-preview:-1"},"canonical":"https:\/\/www.lesseps.net\/ca\/els-alumnes-de-cm2a-i-cm1-cm2-han-representat-les-seves-obres-de-teatre-linstitut-francais-i-al-lycee-de-valencia\/","og_locale":"ca_ES","og_type":"article","og_title":"Els alumnes de CM2A i CM1 \/ CM2 han representat les seves obres de teatre l'Institut Fran\u00e7ais i al Lyc\u00e9e de Valencia - \u00c9cole fran\u00e7aise FERDINAND DE LESSEPS","og_description":"Despr\u00e9s de mesos de lectura, escriptura en totes les lleng\u00fces ensenyades a l&#8217;escola, posada en escena, fabricaci\u00f3 de disfresses, decorats i sons, els alumnes de les classes de CM2A i de CM1\/CM2 van presentar a les seves fam\u00edlies les seves obres de teatre a l\u2019Institut Franc\u00e8s de Barcelona. Agra\u00efm a totes les persones que els [&hellip;]","og_url":"https:\/\/www.lesseps.net\/ca\/els-alumnes-de-cm2a-i-cm1-cm2-han-representat-les-seves-obres-de-teatre-linstitut-francais-i-al-lycee-de-valencia\/","og_site_name":"\u00c9cole fran\u00e7aise FERDINAND DE LESSEPS","article_published_time":"2025-06-16T09:39:46+00:00","article_modified_time":"2025-06-26T10:09:53+00:00","og_image":[{"width":1174,"height":824,"url":"https:\/\/www.lesseps.net\/wp-content\/uploads\/2025\/06\/Photo-OK-destacat-e1750067805697.jpg","type":"image\/jpeg"}],"author":"b885c830be","twitter_card":"summary_large_image","twitter_misc":{"Escrit per":"b885c830be","Temps estimat de lectura":"1 minut"},"schema":{"@context":"https:\/\/schema.org","@graph":[{"@type":"Article","@id":"https:\/\/www.lesseps.net\/ca\/els-alumnes-de-cm2a-i-cm1-cm2-han-representat-les-seves-obres-de-teatre-linstitut-francais-i-al-lycee-de-valencia\/#article","isPartOf":{"@id":"https:\/\/www.lesseps.net\/ca\/els-alumnes-de-cm2a-i-cm1-cm2-han-representat-les-seves-obres-de-teatre-linstitut-francais-i-al-lycee-de-valencia\/"},"author":{"name":"b885c830be","@id":"https:\/\/www.lesseps.net\/ca\/#\/schema\/person\/65b2a0b5d5a551ac52211b86014d1e0b"},"headline":"Els alumnes de CM2A i CM1 \/ CM2 han representat les seves obres de teatre l&#8217;Institut Fran\u00e7ais i al Lyc\u00e9e de Valencia","datePublished":"2025-06-16T09:39:46+00:00","dateModified":"2025-06-26T10:09:53+00:00","mainEntityOfPage":{"@id":"https:\/\/www.lesseps.net\/ca\/els-alumnes-de-cm2a-i-cm1-cm2-han-representat-les-seves-obres-de-teatre-linstitut-francais-i-al-lycee-de-valencia\/"},"wordCount":150,"commentCount":0,"publisher":{"@id":"https:\/\/www.lesseps.net\/ca\/#organization"},"image":{"@id":"https:\/\/www.lesseps.net\/ca\/els-alumnes-de-cm2a-i-cm1-cm2-han-representat-les-seves-obres-de-teatre-linstitut-francais-i-al-lycee-de-valencia\/#primaryimage"},"thumbnailUrl":"https:\/\/www.lesseps.net\/wp-content\/uploads\/2025\/06\/Photo-OK-destacat-e1750067805697.jpg","articleSection":["Sense categoritzar"],"inLanguage":"ca","potentialAction":[{"@type":"CommentAction","name":"Comment","target":["https:\/\/www.lesseps.net\/ca\/els-alumnes-de-cm2a-i-cm1-cm2-han-representat-les-seves-obres-de-teatre-linstitut-francais-i-al-lycee-de-valencia\/#respond"]}]},{"@type":"WebPage","@id":"https:\/\/www.lesseps.net\/ca\/els-alumnes-de-cm2a-i-cm1-cm2-han-representat-les-seves-obres-de-teatre-linstitut-francais-i-al-lycee-de-valencia\/","url":"https:\/\/www.lesseps.net\/ca\/els-alumnes-de-cm2a-i-cm1-cm2-han-representat-les-seves-obres-de-teatre-linstitut-francais-i-al-lycee-de-valencia\/","name":"Els alumnes de CM2A i CM1 \/ CM2 han representat les seves obres de teatre l'Institut Fran\u00e7ais i al Lyc\u00e9e de Valencia - \u00c9cole fran\u00e7aise FERDINAND DE LESSEPS","isPartOf":{"@id":"https:\/\/www.lesseps.net\/ca\/#website"},"primaryImageOfPage":{"@id":"https:\/\/www.lesseps.net\/ca\/els-alumnes-de-cm2a-i-cm1-cm2-han-representat-les-seves-obres-de-teatre-linstitut-francais-i-al-lycee-de-valencia\/#primaryimage"},"image":{"@id":"https:\/\/www.lesseps.net\/ca\/els-alumnes-de-cm2a-i-cm1-cm2-han-representat-les-seves-obres-de-teatre-linstitut-francais-i-al-lycee-de-valencia\/#primaryimage"},"thumbnailUrl":"https:\/\/www.lesseps.net\/wp-content\/uploads\/2025\/06\/Photo-OK-destacat-e1750067805697.jpg","datePublished":"2025-06-16T09:39:46+00:00","dateModified":"2025-06-26T10:09:53+00:00","breadcrumb":{"@id":"https:\/\/www.lesseps.net\/ca\/els-alumnes-de-cm2a-i-cm1-cm2-han-representat-les-seves-obres-de-teatre-linstitut-francais-i-al-lycee-de-valencia\/#breadcrumb"},"inLanguage":"ca","potentialAction":[{"@type":"ReadAction","target":["https:\/\/www.lesseps.net\/ca\/els-alumnes-de-cm2a-i-cm1-cm2-han-representat-les-seves-obres-de-teatre-linstitut-francais-i-al-lycee-de-valencia\/"]}]},{"@type":"ImageObject","inLanguage":"ca","@id":"https:\/\/www.lesseps.net\/ca\/els-alumnes-de-cm2a-i-cm1-cm2-han-representat-les-seves-obres-de-teatre-linstitut-francais-i-al-lycee-de-valencia\/#primaryimage","url":"https:\/\/www.lesseps.net\/wp-content\/uploads\/2025\/06\/Photo-OK-destacat-e1750067805697.jpg","contentUrl":"https:\/\/www.lesseps.net\/wp-content\/uploads\/2025\/06\/Photo-OK-destacat-e1750067805697.jpg","width":1174,"height":824,"caption":"Screenshot"},{"@type":"BreadcrumbList","@id":"https:\/\/www.lesseps.net\/ca\/els-alumnes-de-cm2a-i-cm1-cm2-han-representat-les-seves-obres-de-teatre-linstitut-francais-i-al-lycee-de-valencia\/#breadcrumb","itemListElement":[{"@type":"ListItem","position":1,"name":"Portada","item":"https:\/\/www.lesseps.net\/ca\/"},{"@type":"ListItem","position":2,"name":"Els alumnes de CM2A i CM1 \/ CM2 han representat les seves obres de teatre l&#8217;Institut Fran\u00e7ais i al Lyc\u00e9e de Valencia"}]},{"@type":"WebSite","@id":"https:\/\/www.lesseps.net\/ca\/#website","url":"https:\/\/www.lesseps.net\/ca\/","name":"\u00c9cole fran\u00e7aise FERDINAND DE LESSEPS","description":"Barcelona","publisher":{"@id":"https:\/\/www.lesseps.net\/ca\/#organization"},"potentialAction":[{"@type":"SearchAction","target":{"@type":"EntryPoint","urlTemplate":"https:\/\/www.lesseps.net\/ca\/?s={search_term_string}"},"query-input":{"@type":"PropertyValueSpecification","valueRequired":true,"valueName":"search_term_string"}}],"inLanguage":"ca"},{"@type":"Organization","@id":"https:\/\/www.lesseps.net\/ca\/#organization","name":"\u00c9cole fran\u00e7aise FERDINAND DE LESSEPS","url":"https:\/\/www.lesseps.net\/ca\/","logo":{"@type":"ImageObject","inLanguage":"ca","@id":"https:\/\/www.lesseps.net\/ca\/#\/schema\/logo\/image\/","url":"https:\/\/www.lesseps.net\/wp-content\/uploads\/2023\/02\/ecole-francaise-ferniand-de-lesseps.svg","contentUrl":"https:\/\/www.lesseps.net\/wp-content\/uploads\/2023\/02\/ecole-francaise-ferniand-de-lesseps.svg","caption":"\u00c9cole fran\u00e7aise FERDINAND DE LESSEPS"},"image":{"@id":"https:\/\/www.lesseps.net\/ca\/#\/schema\/logo\/image\/"},"sameAs":["https:\/\/www.instagram.com\/ecole.lesseps.barcelone\/","https:\/\/vimeo.com\/channels\/1305370","https:\/\/soundcloud.com\/lecole-2"]},{"@type":"Person","@id":"https:\/\/www.lesseps.net\/ca\/#\/schema\/person\/65b2a0b5d5a551ac52211b86014d1e0b","name":"b885c830be","image":{"@type":"ImageObject","inLanguage":"ca","@id":"https:\/\/secure.gravatar.com\/avatar\/41cf099fc19fcd9e0edaa3c335c60c6eb87ee9ec89fa5c0e24a030cb4da1fdea?s=96&d=mm&r=g","url":"https:\/\/secure.gravatar.com\/avatar\/41cf099fc19fcd9e0edaa3c335c60c6eb87ee9ec89fa5c0e24a030cb4da1fdea?s=96&d=mm&r=g","contentUrl":"https:\/\/secure.gravatar.com\/avatar\/41cf099fc19fcd9e0edaa3c335c60c6eb87ee9ec89fa5c0e24a030cb4da1fdea?s=96&d=mm&r=g","caption":"b885c830be"},"sameAs":["https:\/\/www.lesseps.net\/newsite"]}]}},"_links":{"self":[{"href":"https:\/\/www.lesseps.net\/ca\/wp-json\/wp\/v2\/posts\/11546","targetHints":{"allow":["GET"]}}],"collection":[{"href":"https:\/\/www.lesseps.net\/ca\/wp-json\/wp\/v2\/posts"}],"about":[{"href":"https:\/\/www.lesseps.net\/ca\/wp-json\/wp\/v2\/types\/post"}],"author":[{"embeddable":true,"href":"https:\/\/www.lesseps.net\/ca\/wp-json\/wp\/v2\/users\/1"}],"replies":[{"embeddable":true,"href":"https:\/\/www.lesseps.net\/ca\/wp-json\/wp\/v2\/comments?post=11546"}],"version-history":[{"count":1,"href":"https:\/\/www.lesseps.net\/ca\/wp-json\/wp\/v2\/posts\/11546\/revisions"}],"predecessor-version":[{"id":11547,"href":"https:\/\/www.lesseps.net\/ca\/wp-json\/wp\/v2\/posts\/11546\/revisions\/11547"}],"wp:featuredmedia":[{"embeddable":true,"href":"https:\/\/www.lesseps.net\/ca\/wp-json\/wp\/v2\/media\/11442"}],"wp:attachment":[{"href":"https:\/\/www.lesseps.net\/ca\/wp-json\/wp\/v2\/media?parent=11546"}],"wp:term":[{"taxonomy":"category","embeddable":true,"href":"https:\/\/www.lesseps.net\/ca\/wp-json\/wp\/v2\/categories?post=11546"},{"taxonomy":"post_tag","embeddable":true,"href":"https:\/\/www.lesseps.net\/ca\/wp-json\/wp\/v2\/tags?post=11546"}],"curies":[{"name":"wp","href":"https:\/\/api.w.org\/{rel}","templated":true}]}}