{"id":8562,"date":"2021-01-08T12:52:10","date_gmt":"2021-01-08T11:52:10","guid":{"rendered":"https:\/\/www.lesseps.net\/?p=8562"},"modified":"2023-11-09T13:40:30","modified_gmt":"2023-11-09T12:40:30","slug":"visita-del-observatorio-fabra","status":"publish","type":"post","link":"https:\/\/www.lesseps.net\/ca\/visita-del-observatorio-fabra\/","title":{"rendered":"Visita del observatorio Fabra"},"content":{"rendered":"\t\t<div data-elementor-type=\"wp-post\" data-elementor-id=\"8562\" class=\"elementor elementor-8562\" data-elementor-post-type=\"post\">\n\t\t\t\t\t\t<section class=\"elementor-section elementor-top-section elementor-element elementor-element-36313bd7 elementor-section-boxed elementor-section-height-default elementor-section-height-default\" data-id=\"36313bd7\" data-element_type=\"section\" data-e-type=\"section\">\n\t\t\t\t\t\t<div class=\"elementor-container elementor-column-gap-default\">\n\t\t\t\t\t<div class=\"elementor-column elementor-col-100 elementor-top-column elementor-element elementor-element-753c7dcc\" data-id=\"753c7dcc\" data-element_type=\"column\" data-e-type=\"column\">\n\t\t\t<div class=\"elementor-widget-wrap elementor-element-populated\">\n\t\t\t\t\t\t<div class=\"elementor-element elementor-element-65359152 elementor-widget elementor-widget-text-editor\" data-id=\"65359152\" data-element_type=\"widget\" data-e-type=\"widget\" data-widget_type=\"text-editor.default\">\n\t\t\t\t<div class=\"elementor-widget-container\">\n\t\t\t\t\t\t\t\t\t<p>Los alumnos <span class=\"il\">de<\/span> CM2 descubrieron el\u00a0<strong>Observatorio Fabra<\/strong>\u00a0situado en las colinas <span class=\"il\">de<\/span> Barcelona.\u00a0Pudieron descubrir diferentes actividades <span class=\"il\">de<\/span>\u00a0<strong>meteorolog\u00eda, sismolog\u00eda y astronom\u00eda<\/strong>.\u00a0El momento m\u00e1s importante <span class=\"il\">de<\/span> la visita fue el descubrimiento del telescopio reflector gigante <span class=\"il\">de<\/span> 1904.<\/p>\t\t\t\t\t\t\t\t<\/div>\n\t\t\t\t<\/div>\n\t\t\t\t\t<\/div>\n\t\t<\/div>\n\t\t\t\t\t<\/div>\n\t\t<\/section>\n\t\t\t\t<section class=\"elementor-section elementor-top-section elementor-element elementor-element-d9ea98a elementor-section-boxed elementor-section-height-default elementor-section-height-default\" data-id=\"d9ea98a\" data-element_type=\"section\" data-e-type=\"section\">\n\t\t\t\t\t\t<div class=\"elementor-container elementor-column-gap-default\">\n\t\t\t\t\t<div class=\"elementor-column elementor-col-100 elementor-top-column elementor-element elementor-element-a39eb3d\" data-id=\"a39eb3d\" data-element_type=\"column\" data-e-type=\"column\">\n\t\t\t<div class=\"elementor-widget-wrap elementor-element-populated\">\n\t\t\t\t\t\t<div class=\"elementor-element elementor-element-4b5193b elementor-widget elementor-widget-image\" data-id=\"4b5193b\" data-element_type=\"widget\" data-e-type=\"widget\" data-widget_type=\"image.default\">\n\t\t\t\t<div class=\"elementor-widget-container\">\n\t\t\t\t\t\t\t\t\t\t\t\t\t\t\t<img fetchpriority=\"high\" decoding=\"async\" width=\"779\" height=\"438\" src=\"https:\/\/www.lesseps.net\/wp-content\/uploads\/2023\/11\/observatori-fabra-2.jpg\" class=\"attachment-large size-large wp-image-8569\" alt=\"\" srcset=\"https:\/\/www.lesseps.net\/wp-content\/uploads\/2023\/11\/observatori-fabra-2.jpg 779w, https:\/\/www.lesseps.net\/wp-content\/uploads\/2023\/11\/observatori-fabra-2-300x169.jpg 300w, https:\/\/www.lesseps.net\/wp-content\/uploads\/2023\/11\/observatori-fabra-2-768x432.jpg 768w\" sizes=\"(max-width: 779px) 100vw, 779px\" \/>\t\t\t\t\t\t\t\t\t\t\t\t\t\t\t<\/div>\n\t\t\t\t<\/div>\n\t\t\t\t\t<\/div>\n\t\t<\/div>\n\t\t\t\t\t<\/div>\n\t\t<\/section>\n\t\t\t\t<section class=\"elementor-section elementor-top-section elementor-element elementor-element-caa055a elementor-section-boxed elementor-section-height-default elementor-section-height-default\" data-id=\"caa055a\" data-element_type=\"section\" data-e-type=\"section\">\n\t\t\t\t\t\t<div class=\"elementor-container elementor-column-gap-default\">\n\t\t\t\t\t<div class=\"elementor-column elementor-col-50 elementor-top-column elementor-element elementor-element-db26a15\" data-id=\"db26a15\" data-element_type=\"column\" data-e-type=\"column\">\n\t\t\t<div class=\"elementor-widget-wrap elementor-element-populated\">\n\t\t\t\t\t\t<div class=\"elementor-element elementor-element-b609670 elementor-widget elementor-widget-image\" data-id=\"b609670\" data-element_type=\"widget\" data-e-type=\"widget\" data-widget_type=\"image.default\">\n\t\t\t\t<div class=\"elementor-widget-container\">\n\t\t\t\t\t\t\t\t\t\t\t\t\t\t\t<img decoding=\"async\" width=\"505\" height=\"566\" src=\"https:\/\/www.lesseps.net\/wp-content\/uploads\/2023\/11\/observatori-fabra.jpg\" class=\"attachment-large size-large wp-image-8565\" alt=\"\" srcset=\"https:\/\/www.lesseps.net\/wp-content\/uploads\/2023\/11\/observatori-fabra.jpg 505w, https:\/\/www.lesseps.net\/wp-content\/uploads\/2023\/11\/observatori-fabra-268x300.jpg 268w\" sizes=\"(max-width: 505px) 100vw, 505px\" \/>\t\t\t\t\t\t\t\t\t\t\t\t\t\t\t<\/div>\n\t\t\t\t<\/div>\n\t\t\t\t\t<\/div>\n\t\t<\/div>\n\t\t\t\t<div class=\"elementor-column elementor-col-50 elementor-top-column elementor-element elementor-element-a2127fb\" data-id=\"a2127fb\" data-element_type=\"column\" data-e-type=\"column\">\n\t\t\t<div class=\"elementor-widget-wrap elementor-element-populated\">\n\t\t\t\t\t\t<div class=\"elementor-element elementor-element-173af84 elementor-widget elementor-widget-text-editor\" data-id=\"173af84\" data-element_type=\"widget\" data-e-type=\"widget\" data-widget_type=\"text-editor.default\">\n\t\t\t\t<div class=\"elementor-widget-container\">\n\t\t\t\t\t\t\t\t\t<p>Los ni\u00f1os pudieron observar <span class=\"il\">de<\/span> cerca su impresionante\u00a0<strong>tecnolog\u00eda\u00a0<\/strong>y conocer su\u00a0<strong>historia.<\/strong><br \/><br \/>\u00a0\u00a1Cuando se abrieron las compuertas y el cielo apareci\u00f3 todos quedaron maravillados!<\/p>\t\t\t\t\t\t\t\t<\/div>\n\t\t\t\t<\/div>\n\t\t\t\t\t<\/div>\n\t\t<\/div>\n\t\t\t\t\t<\/div>\n\t\t<\/section>\n\t\t\t\t<\/div>\n\t\t","protected":false},"excerpt":{"rendered":"<p>Los alumnos de CM2 descubrieron el\u00a0Observatorio Fabra\u00a0situado en las colinas de Barcelona.\u00a0Pudieron descubrir diferentes actividades de\u00a0meteorolog\u00eda, sismolog\u00eda y astronom\u00eda.\u00a0El momento m\u00e1s importante de la visita fue el descubrimiento del telescopio reflector gigante de 1904. Los ni\u00f1os pudieron observar de cerca su impresionante\u00a0tecnolog\u00eda\u00a0y conocer su\u00a0historia. \u00a1Cuando se abrieron las compuertas y el cielo apareci\u00f3 todos quedaron [&hellip;]<\/p>\n","protected":false},"author":1,"featured_media":8564,"comment_status":"open","ping_status":"open","sticky":false,"template":"","format":"standard","meta":{"_acf_changed":false,"footnotes":""},"categories":[1],"tags":[],"class_list":["post-8562","post","type-post","status-publish","format-standard","has-post-thumbnail","hentry","category-sin-categorizar"],"acf":[],"yoast_head":"<!-- This site is optimized with the Yoast SEO plugin v27.4 - https:\/\/yoast.com\/product\/yoast-seo-wordpress\/ -->\n<title>Visita del observatorio Fabra - \u00c9cole fran\u00e7aise FERDINAND DE LESSEPS<\/title>\n<meta name=\"robots\" content=\"index, follow, max-snippet:-1, max-image-preview:large, max-video-preview:-1\" \/>\n<link rel=\"canonical\" href=\"https:\/\/www.lesseps.net\/ca\/visita-del-observatorio-fabra\/\" \/>\n<meta property=\"og:locale\" content=\"ca_ES\" \/>\n<meta property=\"og:type\" content=\"article\" \/>\n<meta property=\"og:title\" content=\"Visita del observatorio Fabra - \u00c9cole fran\u00e7aise FERDINAND DE LESSEPS\" \/>\n<meta property=\"og:description\" content=\"Los alumnos de CM2 descubrieron el\u00a0Observatorio Fabra\u00a0situado en las colinas de Barcelona.\u00a0Pudieron descubrir diferentes actividades de\u00a0meteorolog\u00eda, sismolog\u00eda y astronom\u00eda.\u00a0El momento m\u00e1s importante de la visita fue el descubrimiento del telescopio reflector gigante de 1904. Los ni\u00f1os pudieron observar de cerca su impresionante\u00a0tecnolog\u00eda\u00a0y conocer su\u00a0historia. \u00a1Cuando se abrieron las compuertas y el cielo apareci\u00f3 todos quedaron [&hellip;]\" \/>\n<meta property=\"og:url\" content=\"https:\/\/www.lesseps.net\/ca\/visita-del-observatorio-fabra\/\" \/>\n<meta property=\"og:site_name\" content=\"\u00c9cole fran\u00e7aise FERDINAND DE LESSEPS\" \/>\n<meta property=\"article:published_time\" content=\"2021-01-08T11:52:10+00:00\" \/>\n<meta property=\"article:modified_time\" content=\"2023-11-09T12:40:30+00:00\" \/>\n<meta property=\"og:image\" content=\"https:\/\/www.lesseps.net\/wp-content\/uploads\/2023\/11\/observatori-fabra.jpg\" \/>\n\t<meta property=\"og:image:width\" content=\"505\" \/>\n\t<meta property=\"og:image:height\" content=\"566\" \/>\n\t<meta property=\"og:image:type\" content=\"image\/jpeg\" \/>\n<meta name=\"author\" content=\"b885c830be\" \/>\n<meta name=\"twitter:card\" content=\"summary_large_image\" \/>\n<meta name=\"twitter:label1\" content=\"Escrit per\" \/>\n\t<meta name=\"twitter:data1\" content=\"b885c830be\" \/>\n\t<meta name=\"twitter:label2\" content=\"Temps estimat de lectura\" \/>\n\t<meta name=\"twitter:data2\" content=\"1 minut\" \/>\n<script type=\"application\/ld+json\" class=\"yoast-schema-graph\">{\"@context\":\"https:\\\/\\\/schema.org\",\"@graph\":[{\"@type\":\"Article\",\"@id\":\"https:\\\/\\\/www.lesseps.net\\\/ca\\\/visita-del-observatorio-fabra\\\/#article\",\"isPartOf\":{\"@id\":\"https:\\\/\\\/www.lesseps.net\\\/ca\\\/visita-del-observatorio-fabra\\\/\"},\"author\":{\"name\":\"b885c830be\",\"@id\":\"https:\\\/\\\/www.lesseps.net\\\/ca\\\/#\\\/schema\\\/person\\\/65b2a0b5d5a551ac52211b86014d1e0b\"},\"headline\":\"Visita del observatorio Fabra\",\"datePublished\":\"2021-01-08T11:52:10+00:00\",\"dateModified\":\"2023-11-09T12:40:30+00:00\",\"mainEntityOfPage\":{\"@id\":\"https:\\\/\\\/www.lesseps.net\\\/ca\\\/visita-del-observatorio-fabra\\\/\"},\"wordCount\":73,\"commentCount\":0,\"publisher\":{\"@id\":\"https:\\\/\\\/www.lesseps.net\\\/ca\\\/#organization\"},\"image\":{\"@id\":\"https:\\\/\\\/www.lesseps.net\\\/ca\\\/visita-del-observatorio-fabra\\\/#primaryimage\"},\"thumbnailUrl\":\"https:\\\/\\\/www.lesseps.net\\\/wp-content\\\/uploads\\\/2023\\\/11\\\/observatori-fabra.jpg\",\"articleSection\":[\"Sin categorizar\"],\"inLanguage\":\"ca\",\"potentialAction\":[{\"@type\":\"CommentAction\",\"name\":\"Comment\",\"target\":[\"https:\\\/\\\/www.lesseps.net\\\/ca\\\/visita-del-observatorio-fabra\\\/#respond\"]}]},{\"@type\":\"WebPage\",\"@id\":\"https:\\\/\\\/www.lesseps.net\\\/ca\\\/visita-del-observatorio-fabra\\\/\",\"url\":\"https:\\\/\\\/www.lesseps.net\\\/ca\\\/visita-del-observatorio-fabra\\\/\",\"name\":\"Visita del observatorio Fabra - \u00c9cole fran\u00e7aise FERDINAND DE LESSEPS\",\"isPartOf\":{\"@id\":\"https:\\\/\\\/www.lesseps.net\\\/ca\\\/#website\"},\"primaryImageOfPage\":{\"@id\":\"https:\\\/\\\/www.lesseps.net\\\/ca\\\/visita-del-observatorio-fabra\\\/#primaryimage\"},\"image\":{\"@id\":\"https:\\\/\\\/www.lesseps.net\\\/ca\\\/visita-del-observatorio-fabra\\\/#primaryimage\"},\"thumbnailUrl\":\"https:\\\/\\\/www.lesseps.net\\\/wp-content\\\/uploads\\\/2023\\\/11\\\/observatori-fabra.jpg\",\"datePublished\":\"2021-01-08T11:52:10+00:00\",\"dateModified\":\"2023-11-09T12:40:30+00:00\",\"breadcrumb\":{\"@id\":\"https:\\\/\\\/www.lesseps.net\\\/ca\\\/visita-del-observatorio-fabra\\\/#breadcrumb\"},\"inLanguage\":\"ca\",\"potentialAction\":[{\"@type\":\"ReadAction\",\"target\":[\"https:\\\/\\\/www.lesseps.net\\\/ca\\\/visita-del-observatorio-fabra\\\/\"]}]},{\"@type\":\"ImageObject\",\"inLanguage\":\"ca\",\"@id\":\"https:\\\/\\\/www.lesseps.net\\\/ca\\\/visita-del-observatorio-fabra\\\/#primaryimage\",\"url\":\"https:\\\/\\\/www.lesseps.net\\\/wp-content\\\/uploads\\\/2023\\\/11\\\/observatori-fabra.jpg\",\"contentUrl\":\"https:\\\/\\\/www.lesseps.net\\\/wp-content\\\/uploads\\\/2023\\\/11\\\/observatori-fabra.jpg\",\"width\":505,\"height\":566},{\"@type\":\"BreadcrumbList\",\"@id\":\"https:\\\/\\\/www.lesseps.net\\\/ca\\\/visita-del-observatorio-fabra\\\/#breadcrumb\",\"itemListElement\":[{\"@type\":\"ListItem\",\"position\":1,\"name\":\"Portada\",\"item\":\"https:\\\/\\\/www.lesseps.net\\\/ca\\\/\"},{\"@type\":\"ListItem\",\"position\":2,\"name\":\"Visita del observatorio Fabra\"}]},{\"@type\":\"WebSite\",\"@id\":\"https:\\\/\\\/www.lesseps.net\\\/ca\\\/#website\",\"url\":\"https:\\\/\\\/www.lesseps.net\\\/ca\\\/\",\"name\":\"\u00c9cole fran\u00e7aise FERDINAND DE LESSEPS\",\"description\":\"Barcelona\",\"publisher\":{\"@id\":\"https:\\\/\\\/www.lesseps.net\\\/ca\\\/#organization\"},\"potentialAction\":[{\"@type\":\"SearchAction\",\"target\":{\"@type\":\"EntryPoint\",\"urlTemplate\":\"https:\\\/\\\/www.lesseps.net\\\/ca\\\/?s={search_term_string}\"},\"query-input\":{\"@type\":\"PropertyValueSpecification\",\"valueRequired\":true,\"valueName\":\"search_term_string\"}}],\"inLanguage\":\"ca\"},{\"@type\":\"Organization\",\"@id\":\"https:\\\/\\\/www.lesseps.net\\\/ca\\\/#organization\",\"name\":\"\u00c9cole fran\u00e7aise FERDINAND DE LESSEPS\",\"url\":\"https:\\\/\\\/www.lesseps.net\\\/ca\\\/\",\"logo\":{\"@type\":\"ImageObject\",\"inLanguage\":\"ca\",\"@id\":\"https:\\\/\\\/www.lesseps.net\\\/ca\\\/#\\\/schema\\\/logo\\\/image\\\/\",\"url\":\"https:\\\/\\\/www.lesseps.net\\\/wp-content\\\/uploads\\\/2023\\\/02\\\/ecole-francaise-ferniand-de-lesseps.svg\",\"contentUrl\":\"https:\\\/\\\/www.lesseps.net\\\/wp-content\\\/uploads\\\/2023\\\/02\\\/ecole-francaise-ferniand-de-lesseps.svg\",\"caption\":\"\u00c9cole fran\u00e7aise FERDINAND DE LESSEPS\"},\"image\":{\"@id\":\"https:\\\/\\\/www.lesseps.net\\\/ca\\\/#\\\/schema\\\/logo\\\/image\\\/\"},\"sameAs\":[\"https:\\\/\\\/www.instagram.com\\\/ecole.lesseps.barcelone\\\/\",\"https:\\\/\\\/vimeo.com\\\/channels\\\/1305370\",\"https:\\\/\\\/soundcloud.com\\\/lecole-2\"]},{\"@type\":\"Person\",\"@id\":\"https:\\\/\\\/www.lesseps.net\\\/ca\\\/#\\\/schema\\\/person\\\/65b2a0b5d5a551ac52211b86014d1e0b\",\"name\":\"b885c830be\",\"image\":{\"@type\":\"ImageObject\",\"inLanguage\":\"ca\",\"@id\":\"https:\\\/\\\/secure.gravatar.com\\\/avatar\\\/41cf099fc19fcd9e0edaa3c335c60c6eb87ee9ec89fa5c0e24a030cb4da1fdea?s=96&d=mm&r=g\",\"url\":\"https:\\\/\\\/secure.gravatar.com\\\/avatar\\\/41cf099fc19fcd9e0edaa3c335c60c6eb87ee9ec89fa5c0e24a030cb4da1fdea?s=96&d=mm&r=g\",\"contentUrl\":\"https:\\\/\\\/secure.gravatar.com\\\/avatar\\\/41cf099fc19fcd9e0edaa3c335c60c6eb87ee9ec89fa5c0e24a030cb4da1fdea?s=96&d=mm&r=g\",\"caption\":\"b885c830be\"},\"sameAs\":[\"https:\\\/\\\/www.lesseps.net\\\/newsite\"]}]}<\/script>\n<!-- \/ Yoast SEO plugin. -->","yoast_head_json":{"title":"Visita del observatorio Fabra - \u00c9cole fran\u00e7aise FERDINAND DE LESSEPS","robots":{"index":"index","follow":"follow","max-snippet":"max-snippet:-1","max-image-preview":"max-image-preview:large","max-video-preview":"max-video-preview:-1"},"canonical":"https:\/\/www.lesseps.net\/ca\/visita-del-observatorio-fabra\/","og_locale":"ca_ES","og_type":"article","og_title":"Visita del observatorio Fabra - \u00c9cole fran\u00e7aise FERDINAND DE LESSEPS","og_description":"Los alumnos de CM2 descubrieron el\u00a0Observatorio Fabra\u00a0situado en las colinas de Barcelona.\u00a0Pudieron descubrir diferentes actividades de\u00a0meteorolog\u00eda, sismolog\u00eda y astronom\u00eda.\u00a0El momento m\u00e1s importante de la visita fue el descubrimiento del telescopio reflector gigante de 1904. Los ni\u00f1os pudieron observar de cerca su impresionante\u00a0tecnolog\u00eda\u00a0y conocer su\u00a0historia. \u00a1Cuando se abrieron las compuertas y el cielo apareci\u00f3 todos quedaron [&hellip;]","og_url":"https:\/\/www.lesseps.net\/ca\/visita-del-observatorio-fabra\/","og_site_name":"\u00c9cole fran\u00e7aise FERDINAND DE LESSEPS","article_published_time":"2021-01-08T11:52:10+00:00","article_modified_time":"2023-11-09T12:40:30+00:00","og_image":[{"width":505,"height":566,"url":"https:\/\/www.lesseps.net\/wp-content\/uploads\/2023\/11\/observatori-fabra.jpg","type":"image\/jpeg"}],"author":"b885c830be","twitter_card":"summary_large_image","twitter_misc":{"Escrit per":"b885c830be","Temps estimat de lectura":"1 minut"},"schema":{"@context":"https:\/\/schema.org","@graph":[{"@type":"Article","@id":"https:\/\/www.lesseps.net\/ca\/visita-del-observatorio-fabra\/#article","isPartOf":{"@id":"https:\/\/www.lesseps.net\/ca\/visita-del-observatorio-fabra\/"},"author":{"name":"b885c830be","@id":"https:\/\/www.lesseps.net\/ca\/#\/schema\/person\/65b2a0b5d5a551ac52211b86014d1e0b"},"headline":"Visita del observatorio Fabra","datePublished":"2021-01-08T11:52:10+00:00","dateModified":"2023-11-09T12:40:30+00:00","mainEntityOfPage":{"@id":"https:\/\/www.lesseps.net\/ca\/visita-del-observatorio-fabra\/"},"wordCount":73,"commentCount":0,"publisher":{"@id":"https:\/\/www.lesseps.net\/ca\/#organization"},"image":{"@id":"https:\/\/www.lesseps.net\/ca\/visita-del-observatorio-fabra\/#primaryimage"},"thumbnailUrl":"https:\/\/www.lesseps.net\/wp-content\/uploads\/2023\/11\/observatori-fabra.jpg","articleSection":["Sin categorizar"],"inLanguage":"ca","potentialAction":[{"@type":"CommentAction","name":"Comment","target":["https:\/\/www.lesseps.net\/ca\/visita-del-observatorio-fabra\/#respond"]}]},{"@type":"WebPage","@id":"https:\/\/www.lesseps.net\/ca\/visita-del-observatorio-fabra\/","url":"https:\/\/www.lesseps.net\/ca\/visita-del-observatorio-fabra\/","name":"Visita del observatorio Fabra - \u00c9cole fran\u00e7aise FERDINAND DE LESSEPS","isPartOf":{"@id":"https:\/\/www.lesseps.net\/ca\/#website"},"primaryImageOfPage":{"@id":"https:\/\/www.lesseps.net\/ca\/visita-del-observatorio-fabra\/#primaryimage"},"image":{"@id":"https:\/\/www.lesseps.net\/ca\/visita-del-observatorio-fabra\/#primaryimage"},"thumbnailUrl":"https:\/\/www.lesseps.net\/wp-content\/uploads\/2023\/11\/observatori-fabra.jpg","datePublished":"2021-01-08T11:52:10+00:00","dateModified":"2023-11-09T12:40:30+00:00","breadcrumb":{"@id":"https:\/\/www.lesseps.net\/ca\/visita-del-observatorio-fabra\/#breadcrumb"},"inLanguage":"ca","potentialAction":[{"@type":"ReadAction","target":["https:\/\/www.lesseps.net\/ca\/visita-del-observatorio-fabra\/"]}]},{"@type":"ImageObject","inLanguage":"ca","@id":"https:\/\/www.lesseps.net\/ca\/visita-del-observatorio-fabra\/#primaryimage","url":"https:\/\/www.lesseps.net\/wp-content\/uploads\/2023\/11\/observatori-fabra.jpg","contentUrl":"https:\/\/www.lesseps.net\/wp-content\/uploads\/2023\/11\/observatori-fabra.jpg","width":505,"height":566},{"@type":"BreadcrumbList","@id":"https:\/\/www.lesseps.net\/ca\/visita-del-observatorio-fabra\/#breadcrumb","itemListElement":[{"@type":"ListItem","position":1,"name":"Portada","item":"https:\/\/www.lesseps.net\/ca\/"},{"@type":"ListItem","position":2,"name":"Visita del observatorio Fabra"}]},{"@type":"WebSite","@id":"https:\/\/www.lesseps.net\/ca\/#website","url":"https:\/\/www.lesseps.net\/ca\/","name":"\u00c9cole fran\u00e7aise FERDINAND DE LESSEPS","description":"Barcelona","publisher":{"@id":"https:\/\/www.lesseps.net\/ca\/#organization"},"potentialAction":[{"@type":"SearchAction","target":{"@type":"EntryPoint","urlTemplate":"https:\/\/www.lesseps.net\/ca\/?s={search_term_string}"},"query-input":{"@type":"PropertyValueSpecification","valueRequired":true,"valueName":"search_term_string"}}],"inLanguage":"ca"},{"@type":"Organization","@id":"https:\/\/www.lesseps.net\/ca\/#organization","name":"\u00c9cole fran\u00e7aise FERDINAND DE LESSEPS","url":"https:\/\/www.lesseps.net\/ca\/","logo":{"@type":"ImageObject","inLanguage":"ca","@id":"https:\/\/www.lesseps.net\/ca\/#\/schema\/logo\/image\/","url":"https:\/\/www.lesseps.net\/wp-content\/uploads\/2023\/02\/ecole-francaise-ferniand-de-lesseps.svg","contentUrl":"https:\/\/www.lesseps.net\/wp-content\/uploads\/2023\/02\/ecole-francaise-ferniand-de-lesseps.svg","caption":"\u00c9cole fran\u00e7aise FERDINAND DE LESSEPS"},"image":{"@id":"https:\/\/www.lesseps.net\/ca\/#\/schema\/logo\/image\/"},"sameAs":["https:\/\/www.instagram.com\/ecole.lesseps.barcelone\/","https:\/\/vimeo.com\/channels\/1305370","https:\/\/soundcloud.com\/lecole-2"]},{"@type":"Person","@id":"https:\/\/www.lesseps.net\/ca\/#\/schema\/person\/65b2a0b5d5a551ac52211b86014d1e0b","name":"b885c830be","image":{"@type":"ImageObject","inLanguage":"ca","@id":"https:\/\/secure.gravatar.com\/avatar\/41cf099fc19fcd9e0edaa3c335c60c6eb87ee9ec89fa5c0e24a030cb4da1fdea?s=96&d=mm&r=g","url":"https:\/\/secure.gravatar.com\/avatar\/41cf099fc19fcd9e0edaa3c335c60c6eb87ee9ec89fa5c0e24a030cb4da1fdea?s=96&d=mm&r=g","contentUrl":"https:\/\/secure.gravatar.com\/avatar\/41cf099fc19fcd9e0edaa3c335c60c6eb87ee9ec89fa5c0e24a030cb4da1fdea?s=96&d=mm&r=g","caption":"b885c830be"},"sameAs":["https:\/\/www.lesseps.net\/newsite"]}]}},"_links":{"self":[{"href":"https:\/\/www.lesseps.net\/ca\/wp-json\/wp\/v2\/posts\/8562","targetHints":{"allow":["GET"]}}],"collection":[{"href":"https:\/\/www.lesseps.net\/ca\/wp-json\/wp\/v2\/posts"}],"about":[{"href":"https:\/\/www.lesseps.net\/ca\/wp-json\/wp\/v2\/types\/post"}],"author":[{"embeddable":true,"href":"https:\/\/www.lesseps.net\/ca\/wp-json\/wp\/v2\/users\/1"}],"replies":[{"embeddable":true,"href":"https:\/\/www.lesseps.net\/ca\/wp-json\/wp\/v2\/comments?post=8562"}],"version-history":[{"count":0,"href":"https:\/\/www.lesseps.net\/ca\/wp-json\/wp\/v2\/posts\/8562\/revisions"}],"wp:featuredmedia":[{"embeddable":true,"href":"https:\/\/www.lesseps.net\/ca\/wp-json\/wp\/v2\/media\/8564"}],"wp:attachment":[{"href":"https:\/\/www.lesseps.net\/ca\/wp-json\/wp\/v2\/media?parent=8562"}],"wp:term":[{"taxonomy":"category","embeddable":true,"href":"https:\/\/www.lesseps.net\/ca\/wp-json\/wp\/v2\/categories?post=8562"},{"taxonomy":"post_tag","embeddable":true,"href":"https:\/\/www.lesseps.net\/ca\/wp-json\/wp\/v2\/tags?post=8562"}],"curies":[{"name":"wp","href":"https:\/\/api.w.org\/{rel}","templated":true}]}}