{"id":9104,"date":"2023-12-27T20:00:31","date_gmt":"2023-12-27T19:00:31","guid":{"rendered":"https:\/\/www.lesseps.net\/jardineria-en-el-colegio\/"},"modified":"2023-12-27T20:00:31","modified_gmt":"2023-12-27T19:00:31","slug":"jardineria-en-el-colegio","status":"publish","type":"post","link":"https:\/\/www.lesseps.net\/ca\/jardineria-en-el-colegio\/","title":{"rendered":"Jardineria en el colegio"},"content":{"rendered":"\t\t<div data-elementor-type=\"wp-post\" data-elementor-id=\"9104\" class=\"elementor elementor-9104 elementor-9087\" data-elementor-post-type=\"post\">\n\t\t\t\t\t\t<section class=\"elementor-section elementor-top-section elementor-element elementor-element-2dd20fb9 elementor-section-boxed elementor-section-height-default elementor-section-height-default\" data-id=\"2dd20fb9\" data-element_type=\"section\" data-e-type=\"section\">\n\t\t\t\t\t\t<div class=\"elementor-container elementor-column-gap-default\">\n\t\t\t\t\t<div class=\"elementor-column elementor-col-50 elementor-top-column elementor-element elementor-element-d90fb8f\" data-id=\"d90fb8f\" data-element_type=\"column\" data-e-type=\"column\">\n\t\t\t<div class=\"elementor-widget-wrap elementor-element-populated\">\n\t\t\t\t\t\t<div class=\"elementor-element elementor-element-2b2cec60 elementor-widget elementor-widget-text-editor\" data-id=\"2b2cec60\" data-element_type=\"widget\" data-e-type=\"widget\" data-widget_type=\"text-editor.default\">\n\t\t\t\t<div class=\"elementor-widget-container\">\n\t\t\t\t\t\t\t\t\t<p>Este oto\u00f1o los alumnos de educaci\u00f3n infantil han empezado a trabajar sobre la jardiner\u00eda en el colegio. Los alumnos han plantado diferentes variedades de plantas para mejorar la vegetaci\u00f3n del nuevo patio del colegio.<\/p>\t\t\t\t\t\t\t\t<\/div>\n\t\t\t\t<\/div>\n\t\t\t\t\t<\/div>\n\t\t<\/div>\n\t\t\t\t<div class=\"elementor-column elementor-col-50 elementor-top-column elementor-element elementor-element-4790a0e\" data-id=\"4790a0e\" data-element_type=\"column\" data-e-type=\"column\">\n\t\t\t<div class=\"elementor-widget-wrap\">\n\t\t\t\t\t\t\t<\/div>\n\t\t<\/div>\n\t\t\t\t\t<\/div>\n\t\t<\/section>\n\t\t\t\t<section class=\"elementor-section elementor-top-section elementor-element elementor-element-9b3dc68 elementor-section-boxed elementor-section-height-default elementor-section-height-default\" data-id=\"9b3dc68\" data-element_type=\"section\" data-e-type=\"section\">\n\t\t\t\t\t\t<div class=\"elementor-container elementor-column-gap-default\">\n\t\t\t\t\t<div class=\"elementor-column elementor-col-50 elementor-top-column elementor-element elementor-element-494497d\" data-id=\"494497d\" data-element_type=\"column\" data-e-type=\"column\">\n\t\t\t<div class=\"elementor-widget-wrap elementor-element-populated\">\n\t\t\t\t\t\t<div class=\"elementor-element elementor-element-9d95418 elementor-widget elementor-widget-image\" data-id=\"9d95418\" data-element_type=\"widget\" data-e-type=\"widget\" data-widget_type=\"image.default\">\n\t\t\t\t<div class=\"elementor-widget-container\">\n\t\t\t\t\t\t\t\t\t\t\t\t\t\t\t<img fetchpriority=\"high\" decoding=\"async\" width=\"768\" height=\"1024\" src=\"https:\/\/www.lesseps.net\/wp-content\/uploads\/2023\/12\/jardineria-1-768x1024.jpg\" class=\"attachment-medium_large size-medium_large wp-image-9094\" alt=\"\" srcset=\"https:\/\/www.lesseps.net\/wp-content\/uploads\/2023\/12\/jardineria-1-768x1024.jpg 768w, https:\/\/www.lesseps.net\/wp-content\/uploads\/2023\/12\/jardineria-1-225x300.jpg 225w, https:\/\/www.lesseps.net\/wp-content\/uploads\/2023\/12\/jardineria-1.jpg 900w\" sizes=\"(max-width: 768px) 100vw, 768px\" \/>\t\t\t\t\t\t\t\t\t\t\t\t\t\t\t<\/div>\n\t\t\t\t<\/div>\n\t\t\t\t<div class=\"elementor-element elementor-element-54da24a elementor-widget elementor-widget-text-editor\" data-id=\"54da24a\" data-element_type=\"widget\" data-e-type=\"widget\" data-widget_type=\"text-editor.default\">\n\t\t\t\t<div class=\"elementor-widget-container\">\n\t\t\t\t\t\t\t\t\t<p>Los alumnos siguen regando con esmero l<strong>os bulbos de flores<\/strong>\u00a0que plantaron mientras\u00a0esperan a que florezcan.<\/p>\t\t\t\t\t\t\t\t<\/div>\n\t\t\t\t<\/div>\n\t\t\t\t\t<\/div>\n\t\t<\/div>\n\t\t\t\t<div class=\"elementor-column elementor-col-50 elementor-top-column elementor-element elementor-element-968fa3b\" data-id=\"968fa3b\" data-element_type=\"column\" data-e-type=\"column\">\n\t\t\t<div class=\"elementor-widget-wrap elementor-element-populated\">\n\t\t\t\t\t\t<div class=\"elementor-element elementor-element-b0dbe62 elementor-widget elementor-widget-image\" data-id=\"b0dbe62\" data-element_type=\"widget\" data-e-type=\"widget\" data-widget_type=\"image.default\">\n\t\t\t\t<div class=\"elementor-widget-container\">\n\t\t\t\t\t\t\t\t\t\t\t\t\t\t\t<img decoding=\"async\" width=\"768\" height=\"1024\" src=\"https:\/\/www.lesseps.net\/wp-content\/uploads\/2023\/12\/jardineria-2-768x1024.jpg\" class=\"attachment-medium_large size-medium_large wp-image-9090\" alt=\"\" srcset=\"https:\/\/www.lesseps.net\/wp-content\/uploads\/2023\/12\/jardineria-2-768x1024.jpg 768w, https:\/\/www.lesseps.net\/wp-content\/uploads\/2023\/12\/jardineria-2-225x300.jpg 225w, https:\/\/www.lesseps.net\/wp-content\/uploads\/2023\/12\/jardineria-2.jpg 900w\" sizes=\"(max-width: 768px) 100vw, 768px\" \/>\t\t\t\t\t\t\t\t\t\t\t\t\t\t\t<\/div>\n\t\t\t\t<\/div>\n\t\t\t\t<div class=\"elementor-element elementor-element-fd1bc79 elementor-widget elementor-widget-text-editor\" data-id=\"fd1bc79\" data-element_type=\"widget\" data-e-type=\"widget\" data-widget_type=\"text-editor.default\">\n\t\t\t\t<div class=\"elementor-widget-container\">\n\t\t\t\t\t\t\t\t\t<p>En clase, los talleres han tratado sobre un tema com\u00fan: las plantas y las flores.<\/p>\t\t\t\t\t\t\t\t<\/div>\n\t\t\t\t<\/div>\n\t\t\t\t\t<\/div>\n\t\t<\/div>\n\t\t\t\t\t<\/div>\n\t\t<\/section>\n\t\t\t\t<\/div>\n\t\t","protected":false},"excerpt":{"rendered":"<p>Este oto\u00f1o los alumnos de educaci\u00f3n infantil han empezado a trabajar sobre la jardiner\u00eda en el colegio. Los alumnos han plantado diferentes variedades de plantas para mejorar la vegetaci\u00f3n del nuevo patio del colegio. Los alumnos siguen regando con esmero los bulbos de flores\u00a0que plantaron mientras\u00a0esperan a que florezcan. En clase, los talleres han tratado [&hellip;]<\/p>\n","protected":false},"author":1,"featured_media":9094,"comment_status":"open","ping_status":"open","sticky":false,"template":"","format":"standard","meta":{"_acf_changed":false,"footnotes":""},"categories":[41],"tags":[],"class_list":["post-9104","post","type-post","status-publish","format-standard","has-post-thumbnail","hentry","category-sense-categoritzar"],"acf":[],"yoast_head":"<!-- This site is optimized with the Yoast SEO plugin v27.4 - https:\/\/yoast.com\/product\/yoast-seo-wordpress\/ -->\n<title>Jardineria en el colegio - \u00c9cole fran\u00e7aise FERDINAND DE LESSEPS<\/title>\n<meta name=\"robots\" content=\"index, follow, max-snippet:-1, max-image-preview:large, max-video-preview:-1\" \/>\n<link rel=\"canonical\" href=\"https:\/\/www.lesseps.net\/ca\/jardineria-en-el-colegio\/\" \/>\n<meta property=\"og:locale\" content=\"ca_ES\" \/>\n<meta property=\"og:type\" content=\"article\" \/>\n<meta property=\"og:title\" content=\"Jardineria en el colegio - \u00c9cole fran\u00e7aise FERDINAND DE LESSEPS\" \/>\n<meta property=\"og:description\" content=\"Este oto\u00f1o los alumnos de educaci\u00f3n infantil han empezado a trabajar sobre la jardiner\u00eda en el colegio. Los alumnos han plantado diferentes variedades de plantas para mejorar la vegetaci\u00f3n del nuevo patio del colegio. Los alumnos siguen regando con esmero los bulbos de flores\u00a0que plantaron mientras\u00a0esperan a que florezcan. En clase, los talleres han tratado [&hellip;]\" \/>\n<meta property=\"og:url\" content=\"https:\/\/www.lesseps.net\/ca\/jardineria-en-el-colegio\/\" \/>\n<meta property=\"og:site_name\" content=\"\u00c9cole fran\u00e7aise FERDINAND DE LESSEPS\" \/>\n<meta property=\"article:published_time\" content=\"2023-12-27T19:00:31+00:00\" \/>\n<meta property=\"og:image\" content=\"https:\/\/www.lesseps.net\/wp-content\/uploads\/2023\/12\/jardineria-1.jpg\" \/>\n\t<meta property=\"og:image:width\" content=\"900\" \/>\n\t<meta property=\"og:image:height\" content=\"1200\" \/>\n\t<meta property=\"og:image:type\" content=\"image\/jpeg\" \/>\n<meta name=\"author\" content=\"b885c830be\" \/>\n<meta name=\"twitter:card\" content=\"summary_large_image\" \/>\n<meta name=\"twitter:label1\" content=\"Escrit per\" \/>\n\t<meta name=\"twitter:data1\" content=\"b885c830be\" \/>\n\t<meta name=\"twitter:label2\" content=\"Temps estimat de lectura\" \/>\n\t<meta name=\"twitter:data2\" content=\"1 minut\" \/>\n<script type=\"application\/ld+json\" class=\"yoast-schema-graph\">{\"@context\":\"https:\\\/\\\/schema.org\",\"@graph\":[{\"@type\":\"Article\",\"@id\":\"https:\\\/\\\/www.lesseps.net\\\/ca\\\/jardineria-en-el-colegio\\\/#article\",\"isPartOf\":{\"@id\":\"https:\\\/\\\/www.lesseps.net\\\/ca\\\/jardineria-en-el-colegio\\\/\"},\"author\":{\"name\":\"b885c830be\",\"@id\":\"https:\\\/\\\/www.lesseps.net\\\/ca\\\/#\\\/schema\\\/person\\\/65b2a0b5d5a551ac52211b86014d1e0b\"},\"headline\":\"Jardineria en el colegio\",\"datePublished\":\"2023-12-27T19:00:31+00:00\",\"mainEntityOfPage\":{\"@id\":\"https:\\\/\\\/www.lesseps.net\\\/ca\\\/jardineria-en-el-colegio\\\/\"},\"wordCount\":75,\"commentCount\":0,\"publisher\":{\"@id\":\"https:\\\/\\\/www.lesseps.net\\\/ca\\\/#organization\"},\"image\":{\"@id\":\"https:\\\/\\\/www.lesseps.net\\\/ca\\\/jardineria-en-el-colegio\\\/#primaryimage\"},\"thumbnailUrl\":\"https:\\\/\\\/www.lesseps.net\\\/wp-content\\\/uploads\\\/2023\\\/12\\\/jardineria-1.jpg\",\"articleSection\":[\"Sense categoritzar\"],\"inLanguage\":\"ca\",\"potentialAction\":[{\"@type\":\"CommentAction\",\"name\":\"Comment\",\"target\":[\"https:\\\/\\\/www.lesseps.net\\\/ca\\\/jardineria-en-el-colegio\\\/#respond\"]}]},{\"@type\":\"WebPage\",\"@id\":\"https:\\\/\\\/www.lesseps.net\\\/ca\\\/jardineria-en-el-colegio\\\/\",\"url\":\"https:\\\/\\\/www.lesseps.net\\\/ca\\\/jardineria-en-el-colegio\\\/\",\"name\":\"Jardineria en el colegio - \u00c9cole fran\u00e7aise FERDINAND DE LESSEPS\",\"isPartOf\":{\"@id\":\"https:\\\/\\\/www.lesseps.net\\\/ca\\\/#website\"},\"primaryImageOfPage\":{\"@id\":\"https:\\\/\\\/www.lesseps.net\\\/ca\\\/jardineria-en-el-colegio\\\/#primaryimage\"},\"image\":{\"@id\":\"https:\\\/\\\/www.lesseps.net\\\/ca\\\/jardineria-en-el-colegio\\\/#primaryimage\"},\"thumbnailUrl\":\"https:\\\/\\\/www.lesseps.net\\\/wp-content\\\/uploads\\\/2023\\\/12\\\/jardineria-1.jpg\",\"datePublished\":\"2023-12-27T19:00:31+00:00\",\"breadcrumb\":{\"@id\":\"https:\\\/\\\/www.lesseps.net\\\/ca\\\/jardineria-en-el-colegio\\\/#breadcrumb\"},\"inLanguage\":\"ca\",\"potentialAction\":[{\"@type\":\"ReadAction\",\"target\":[\"https:\\\/\\\/www.lesseps.net\\\/ca\\\/jardineria-en-el-colegio\\\/\"]}]},{\"@type\":\"ImageObject\",\"inLanguage\":\"ca\",\"@id\":\"https:\\\/\\\/www.lesseps.net\\\/ca\\\/jardineria-en-el-colegio\\\/#primaryimage\",\"url\":\"https:\\\/\\\/www.lesseps.net\\\/wp-content\\\/uploads\\\/2023\\\/12\\\/jardineria-1.jpg\",\"contentUrl\":\"https:\\\/\\\/www.lesseps.net\\\/wp-content\\\/uploads\\\/2023\\\/12\\\/jardineria-1.jpg\",\"width\":900,\"height\":1200},{\"@type\":\"BreadcrumbList\",\"@id\":\"https:\\\/\\\/www.lesseps.net\\\/ca\\\/jardineria-en-el-colegio\\\/#breadcrumb\",\"itemListElement\":[{\"@type\":\"ListItem\",\"position\":1,\"name\":\"Portada\",\"item\":\"https:\\\/\\\/www.lesseps.net\\\/ca\\\/\"},{\"@type\":\"ListItem\",\"position\":2,\"name\":\"Jardineria en el colegio\"}]},{\"@type\":\"WebSite\",\"@id\":\"https:\\\/\\\/www.lesseps.net\\\/ca\\\/#website\",\"url\":\"https:\\\/\\\/www.lesseps.net\\\/ca\\\/\",\"name\":\"\u00c9cole fran\u00e7aise FERDINAND DE LESSEPS\",\"description\":\"Barcelona\",\"publisher\":{\"@id\":\"https:\\\/\\\/www.lesseps.net\\\/ca\\\/#organization\"},\"potentialAction\":[{\"@type\":\"SearchAction\",\"target\":{\"@type\":\"EntryPoint\",\"urlTemplate\":\"https:\\\/\\\/www.lesseps.net\\\/ca\\\/?s={search_term_string}\"},\"query-input\":{\"@type\":\"PropertyValueSpecification\",\"valueRequired\":true,\"valueName\":\"search_term_string\"}}],\"inLanguage\":\"ca\"},{\"@type\":\"Organization\",\"@id\":\"https:\\\/\\\/www.lesseps.net\\\/ca\\\/#organization\",\"name\":\"\u00c9cole fran\u00e7aise FERDINAND DE LESSEPS\",\"url\":\"https:\\\/\\\/www.lesseps.net\\\/ca\\\/\",\"logo\":{\"@type\":\"ImageObject\",\"inLanguage\":\"ca\",\"@id\":\"https:\\\/\\\/www.lesseps.net\\\/ca\\\/#\\\/schema\\\/logo\\\/image\\\/\",\"url\":\"https:\\\/\\\/www.lesseps.net\\\/wp-content\\\/uploads\\\/2023\\\/02\\\/ecole-francaise-ferniand-de-lesseps.svg\",\"contentUrl\":\"https:\\\/\\\/www.lesseps.net\\\/wp-content\\\/uploads\\\/2023\\\/02\\\/ecole-francaise-ferniand-de-lesseps.svg\",\"caption\":\"\u00c9cole fran\u00e7aise FERDINAND DE LESSEPS\"},\"image\":{\"@id\":\"https:\\\/\\\/www.lesseps.net\\\/ca\\\/#\\\/schema\\\/logo\\\/image\\\/\"},\"sameAs\":[\"https:\\\/\\\/www.instagram.com\\\/ecole.lesseps.barcelone\\\/\",\"https:\\\/\\\/vimeo.com\\\/channels\\\/1305370\",\"https:\\\/\\\/soundcloud.com\\\/lecole-2\"]},{\"@type\":\"Person\",\"@id\":\"https:\\\/\\\/www.lesseps.net\\\/ca\\\/#\\\/schema\\\/person\\\/65b2a0b5d5a551ac52211b86014d1e0b\",\"name\":\"b885c830be\",\"image\":{\"@type\":\"ImageObject\",\"inLanguage\":\"ca\",\"@id\":\"https:\\\/\\\/secure.gravatar.com\\\/avatar\\\/41cf099fc19fcd9e0edaa3c335c60c6eb87ee9ec89fa5c0e24a030cb4da1fdea?s=96&d=mm&r=g\",\"url\":\"https:\\\/\\\/secure.gravatar.com\\\/avatar\\\/41cf099fc19fcd9e0edaa3c335c60c6eb87ee9ec89fa5c0e24a030cb4da1fdea?s=96&d=mm&r=g\",\"contentUrl\":\"https:\\\/\\\/secure.gravatar.com\\\/avatar\\\/41cf099fc19fcd9e0edaa3c335c60c6eb87ee9ec89fa5c0e24a030cb4da1fdea?s=96&d=mm&r=g\",\"caption\":\"b885c830be\"},\"sameAs\":[\"https:\\\/\\\/www.lesseps.net\\\/newsite\"]}]}<\/script>\n<!-- \/ Yoast SEO plugin. -->","yoast_head_json":{"title":"Jardineria en el colegio - \u00c9cole fran\u00e7aise FERDINAND DE LESSEPS","robots":{"index":"index","follow":"follow","max-snippet":"max-snippet:-1","max-image-preview":"max-image-preview:large","max-video-preview":"max-video-preview:-1"},"canonical":"https:\/\/www.lesseps.net\/ca\/jardineria-en-el-colegio\/","og_locale":"ca_ES","og_type":"article","og_title":"Jardineria en el colegio - \u00c9cole fran\u00e7aise FERDINAND DE LESSEPS","og_description":"Este oto\u00f1o los alumnos de educaci\u00f3n infantil han empezado a trabajar sobre la jardiner\u00eda en el colegio. Los alumnos han plantado diferentes variedades de plantas para mejorar la vegetaci\u00f3n del nuevo patio del colegio. Los alumnos siguen regando con esmero los bulbos de flores\u00a0que plantaron mientras\u00a0esperan a que florezcan. En clase, los talleres han tratado [&hellip;]","og_url":"https:\/\/www.lesseps.net\/ca\/jardineria-en-el-colegio\/","og_site_name":"\u00c9cole fran\u00e7aise FERDINAND DE LESSEPS","article_published_time":"2023-12-27T19:00:31+00:00","og_image":[{"width":900,"height":1200,"url":"https:\/\/www.lesseps.net\/wp-content\/uploads\/2023\/12\/jardineria-1.jpg","type":"image\/jpeg"}],"author":"b885c830be","twitter_card":"summary_large_image","twitter_misc":{"Escrit per":"b885c830be","Temps estimat de lectura":"1 minut"},"schema":{"@context":"https:\/\/schema.org","@graph":[{"@type":"Article","@id":"https:\/\/www.lesseps.net\/ca\/jardineria-en-el-colegio\/#article","isPartOf":{"@id":"https:\/\/www.lesseps.net\/ca\/jardineria-en-el-colegio\/"},"author":{"name":"b885c830be","@id":"https:\/\/www.lesseps.net\/ca\/#\/schema\/person\/65b2a0b5d5a551ac52211b86014d1e0b"},"headline":"Jardineria en el colegio","datePublished":"2023-12-27T19:00:31+00:00","mainEntityOfPage":{"@id":"https:\/\/www.lesseps.net\/ca\/jardineria-en-el-colegio\/"},"wordCount":75,"commentCount":0,"publisher":{"@id":"https:\/\/www.lesseps.net\/ca\/#organization"},"image":{"@id":"https:\/\/www.lesseps.net\/ca\/jardineria-en-el-colegio\/#primaryimage"},"thumbnailUrl":"https:\/\/www.lesseps.net\/wp-content\/uploads\/2023\/12\/jardineria-1.jpg","articleSection":["Sense categoritzar"],"inLanguage":"ca","potentialAction":[{"@type":"CommentAction","name":"Comment","target":["https:\/\/www.lesseps.net\/ca\/jardineria-en-el-colegio\/#respond"]}]},{"@type":"WebPage","@id":"https:\/\/www.lesseps.net\/ca\/jardineria-en-el-colegio\/","url":"https:\/\/www.lesseps.net\/ca\/jardineria-en-el-colegio\/","name":"Jardineria en el colegio - \u00c9cole fran\u00e7aise FERDINAND DE LESSEPS","isPartOf":{"@id":"https:\/\/www.lesseps.net\/ca\/#website"},"primaryImageOfPage":{"@id":"https:\/\/www.lesseps.net\/ca\/jardineria-en-el-colegio\/#primaryimage"},"image":{"@id":"https:\/\/www.lesseps.net\/ca\/jardineria-en-el-colegio\/#primaryimage"},"thumbnailUrl":"https:\/\/www.lesseps.net\/wp-content\/uploads\/2023\/12\/jardineria-1.jpg","datePublished":"2023-12-27T19:00:31+00:00","breadcrumb":{"@id":"https:\/\/www.lesseps.net\/ca\/jardineria-en-el-colegio\/#breadcrumb"},"inLanguage":"ca","potentialAction":[{"@type":"ReadAction","target":["https:\/\/www.lesseps.net\/ca\/jardineria-en-el-colegio\/"]}]},{"@type":"ImageObject","inLanguage":"ca","@id":"https:\/\/www.lesseps.net\/ca\/jardineria-en-el-colegio\/#primaryimage","url":"https:\/\/www.lesseps.net\/wp-content\/uploads\/2023\/12\/jardineria-1.jpg","contentUrl":"https:\/\/www.lesseps.net\/wp-content\/uploads\/2023\/12\/jardineria-1.jpg","width":900,"height":1200},{"@type":"BreadcrumbList","@id":"https:\/\/www.lesseps.net\/ca\/jardineria-en-el-colegio\/#breadcrumb","itemListElement":[{"@type":"ListItem","position":1,"name":"Portada","item":"https:\/\/www.lesseps.net\/ca\/"},{"@type":"ListItem","position":2,"name":"Jardineria en el colegio"}]},{"@type":"WebSite","@id":"https:\/\/www.lesseps.net\/ca\/#website","url":"https:\/\/www.lesseps.net\/ca\/","name":"\u00c9cole fran\u00e7aise FERDINAND DE LESSEPS","description":"Barcelona","publisher":{"@id":"https:\/\/www.lesseps.net\/ca\/#organization"},"potentialAction":[{"@type":"SearchAction","target":{"@type":"EntryPoint","urlTemplate":"https:\/\/www.lesseps.net\/ca\/?s={search_term_string}"},"query-input":{"@type":"PropertyValueSpecification","valueRequired":true,"valueName":"search_term_string"}}],"inLanguage":"ca"},{"@type":"Organization","@id":"https:\/\/www.lesseps.net\/ca\/#organization","name":"\u00c9cole fran\u00e7aise FERDINAND DE LESSEPS","url":"https:\/\/www.lesseps.net\/ca\/","logo":{"@type":"ImageObject","inLanguage":"ca","@id":"https:\/\/www.lesseps.net\/ca\/#\/schema\/logo\/image\/","url":"https:\/\/www.lesseps.net\/wp-content\/uploads\/2023\/02\/ecole-francaise-ferniand-de-lesseps.svg","contentUrl":"https:\/\/www.lesseps.net\/wp-content\/uploads\/2023\/02\/ecole-francaise-ferniand-de-lesseps.svg","caption":"\u00c9cole fran\u00e7aise FERDINAND DE LESSEPS"},"image":{"@id":"https:\/\/www.lesseps.net\/ca\/#\/schema\/logo\/image\/"},"sameAs":["https:\/\/www.instagram.com\/ecole.lesseps.barcelone\/","https:\/\/vimeo.com\/channels\/1305370","https:\/\/soundcloud.com\/lecole-2"]},{"@type":"Person","@id":"https:\/\/www.lesseps.net\/ca\/#\/schema\/person\/65b2a0b5d5a551ac52211b86014d1e0b","name":"b885c830be","image":{"@type":"ImageObject","inLanguage":"ca","@id":"https:\/\/secure.gravatar.com\/avatar\/41cf099fc19fcd9e0edaa3c335c60c6eb87ee9ec89fa5c0e24a030cb4da1fdea?s=96&d=mm&r=g","url":"https:\/\/secure.gravatar.com\/avatar\/41cf099fc19fcd9e0edaa3c335c60c6eb87ee9ec89fa5c0e24a030cb4da1fdea?s=96&d=mm&r=g","contentUrl":"https:\/\/secure.gravatar.com\/avatar\/41cf099fc19fcd9e0edaa3c335c60c6eb87ee9ec89fa5c0e24a030cb4da1fdea?s=96&d=mm&r=g","caption":"b885c830be"},"sameAs":["https:\/\/www.lesseps.net\/newsite"]}]}},"_links":{"self":[{"href":"https:\/\/www.lesseps.net\/ca\/wp-json\/wp\/v2\/posts\/9104","targetHints":{"allow":["GET"]}}],"collection":[{"href":"https:\/\/www.lesseps.net\/ca\/wp-json\/wp\/v2\/posts"}],"about":[{"href":"https:\/\/www.lesseps.net\/ca\/wp-json\/wp\/v2\/types\/post"}],"author":[{"embeddable":true,"href":"https:\/\/www.lesseps.net\/ca\/wp-json\/wp\/v2\/users\/1"}],"replies":[{"embeddable":true,"href":"https:\/\/www.lesseps.net\/ca\/wp-json\/wp\/v2\/comments?post=9104"}],"version-history":[{"count":0,"href":"https:\/\/www.lesseps.net\/ca\/wp-json\/wp\/v2\/posts\/9104\/revisions"}],"wp:featuredmedia":[{"embeddable":true,"href":"https:\/\/www.lesseps.net\/ca\/wp-json\/wp\/v2\/media\/9094"}],"wp:attachment":[{"href":"https:\/\/www.lesseps.net\/ca\/wp-json\/wp\/v2\/media?parent=9104"}],"wp:term":[{"taxonomy":"category","embeddable":true,"href":"https:\/\/www.lesseps.net\/ca\/wp-json\/wp\/v2\/categories?post=9104"},{"taxonomy":"post_tag","embeddable":true,"href":"https:\/\/www.lesseps.net\/ca\/wp-json\/wp\/v2\/tags?post=9104"}],"curies":[{"name":"wp","href":"https:\/\/api.w.org\/{rel}","templated":true}]}}