{"id":11460,"date":"2025-06-16T11:39:46","date_gmt":"2025-06-16T09:39:46","guid":{"rendered":"https:\/\/www.lesseps.net\/?p=11460"},"modified":"2025-06-17T16:39:36","modified_gmt":"2025-06-17T14:39:36","slug":"los-alumnos-de-cm2a-y-cm1-cm2-han-representado-sus-obras-de-teatro-en-el-institut-francais-y-en-el-lycee-de-valencia","status":"publish","type":"post","link":"https:\/\/www.lesseps.net\/es\/los-alumnos-de-cm2a-y-cm1-cm2-han-representado-sus-obras-de-teatro-en-el-institut-francais-y-en-el-lycee-de-valencia\/","title":{"rendered":"Los alumnos de CM2A y CM1 \/ CM2 han representado sus obras de teatro en el Institut Fran\u00e7ais y en el Lyc\u00e9e de Valencia"},"content":{"rendered":"\t\t<div data-elementor-type=\"wp-post\" data-elementor-id=\"11460\" class=\"elementor elementor-11460\" data-elementor-post-type=\"post\">\n\t\t\t\t\t\t<section class=\"elementor-section elementor-top-section elementor-element elementor-element-597025a elementor-section-boxed elementor-section-height-default elementor-section-height-default\" data-id=\"597025a\" data-element_type=\"section\" data-e-type=\"section\">\n\t\t\t\t\t\t<div class=\"elementor-container elementor-column-gap-default\">\n\t\t\t\t\t<div class=\"elementor-column elementor-col-100 elementor-top-column elementor-element elementor-element-8756fc7\" data-id=\"8756fc7\" data-element_type=\"column\" data-e-type=\"column\">\n\t\t\t<div class=\"elementor-widget-wrap elementor-element-populated\">\n\t\t\t\t\t\t<div class=\"elementor-element elementor-element-57794a4 elementor-widget elementor-widget-text-editor\" data-id=\"57794a4\" data-element_type=\"widget\" data-e-type=\"widget\" data-widget_type=\"text-editor.default\">\n\t\t\t\t<div class=\"elementor-widget-container\">\n\t\t\t\t\t\t\t\t\t<p>Despu\u00e9s de meses de lectura, escritura en todas las lenguas ense\u00f1adas en la escuela, puesta en escena, fabricaci\u00f3n de disfraces, decorados y sonidos, los alumnos de las clases de CM2A y de CM1\/CM2 presentaron a sus familias sus obras de teatro en el Instituto Franc\u00e9s de Barcelona.<\/p><p>Agradecemos a todas las personas que les han acompa\u00f1ado en sus proyectos y esperamos que estas im\u00e1genes les gusten.<\/p>\t\t\t\t\t\t\t\t<\/div>\n\t\t\t\t<\/div>\n\t\t\t\t\t<\/div>\n\t\t<\/div>\n\t\t\t\t\t<\/div>\n\t\t<\/section>\n\t\t\t\t<section class=\"elementor-section elementor-top-section elementor-element elementor-element-925282a elementor-section-boxed elementor-section-height-default elementor-section-height-default\" data-id=\"925282a\" data-element_type=\"section\" data-e-type=\"section\">\n\t\t\t\t\t\t<div class=\"elementor-container elementor-column-gap-default\">\n\t\t\t\t\t<div class=\"elementor-column elementor-col-100 elementor-top-column elementor-element elementor-element-dc72e25\" data-id=\"dc72e25\" data-element_type=\"column\" data-e-type=\"column\">\n\t\t\t<div class=\"elementor-widget-wrap elementor-element-populated\">\n\t\t\t\t\t\t<div class=\"elementor-element elementor-element-fe81e04 elementor-widget elementor-widget-video\" data-id=\"fe81e04\" data-element_type=\"widget\" data-e-type=\"widget\" data-settings=\"{&quot;video_type&quot;:&quot;vimeo&quot;}\" data-widget_type=\"video.default\">\n\t\t\t\t<div class=\"elementor-widget-container\">\n\t\t\t\t\t\t\t<div class=\"elementor-wrapper elementor-open-inline\">\n\t\t\t<iframe class=\"elementor-video-iframe\" allowfullscreen allow=\"clipboard-write\" title=\"Reproductor de v\u00eddeo vimeo\" src=\"https:\/\/player.vimeo.com\/video\/1090784011?color&amp;autopause=0&amp;loop=0&amp;muted=0&amp;title=1&amp;portrait=1&amp;byline=1#t=\"><\/iframe>\t\t<\/div>\n\t\t\t\t\t\t<\/div>\n\t\t\t\t<\/div>\n\t\t\t\t<div class=\"elementor-element elementor-element-f5d4059 elementor-widget elementor-widget-video\" data-id=\"f5d4059\" data-element_type=\"widget\" data-e-type=\"widget\" data-settings=\"{&quot;video_type&quot;:&quot;vimeo&quot;}\" data-widget_type=\"video.default\">\n\t\t\t\t<div class=\"elementor-widget-container\">\n\t\t\t\t\t\t\t<div class=\"elementor-wrapper elementor-open-inline\">\n\t\t\t<iframe class=\"elementor-video-iframe\" allowfullscreen allow=\"clipboard-write\" title=\"Reproductor de v\u00eddeo vimeo\" src=\"https:\/\/player.vimeo.com\/video\/1090782366?color&amp;autopause=0&amp;loop=0&amp;muted=0&amp;title=1&amp;portrait=1&amp;byline=1#t=\"><\/iframe>\t\t<\/div>\n\t\t\t\t\t\t<\/div>\n\t\t\t\t<\/div>\n\t\t\t\t\t<\/div>\n\t\t<\/div>\n\t\t\t\t\t<\/div>\n\t\t<\/section>\n\t\t\t\t<section class=\"elementor-section elementor-top-section elementor-element elementor-element-64dee1c elementor-section-boxed elementor-section-height-default elementor-section-height-default\" data-id=\"64dee1c\" data-element_type=\"section\" data-e-type=\"section\">\n\t\t\t\t\t\t<div class=\"elementor-container elementor-column-gap-default\">\n\t\t\t\t\t<div class=\"elementor-column elementor-col-100 elementor-top-column elementor-element elementor-element-43be6f6\" data-id=\"43be6f6\" data-element_type=\"column\" data-e-type=\"column\">\n\t\t\t<div class=\"elementor-widget-wrap elementor-element-populated\">\n\t\t\t\t\t\t<div class=\"elementor-element elementor-element-6c9f62e elementor-widget elementor-widget-text-editor\" data-id=\"6c9f62e\" data-element_type=\"widget\" data-e-type=\"widget\" data-widget_type=\"text-editor.default\">\n\t\t\t\t<div class=\"elementor-widget-container\">\n\t\t\t\t\t\t\t\t\t<p>En abril, la clase de CM1\/CM2 tuvo la suerte de participar en el primer Festival de teatro y pedagog\u00eda organizado por el Liceo Franc\u00e9s de Valencia. Aqu\u00ed ten\u00e9is un peque\u00f1o resumen en im\u00e1genes de ese magn\u00edfico momento.<\/p>\t\t\t\t\t\t\t\t<\/div>\n\t\t\t\t<\/div>\n\t\t\t\t\t<\/div>\n\t\t<\/div>\n\t\t\t\t\t<\/div>\n\t\t<\/section>\n\t\t\t\t<section class=\"elementor-section elementor-top-section elementor-element elementor-element-5f588f5 elementor-section-boxed elementor-section-height-default elementor-section-height-default\" data-id=\"5f588f5\" data-element_type=\"section\" data-e-type=\"section\">\n\t\t\t\t\t\t<div class=\"elementor-container elementor-column-gap-default\">\n\t\t\t\t\t<div class=\"elementor-column elementor-col-100 elementor-top-column elementor-element elementor-element-7add0e8\" data-id=\"7add0e8\" data-element_type=\"column\" data-e-type=\"column\">\n\t\t\t<div class=\"elementor-widget-wrap elementor-element-populated\">\n\t\t\t\t\t\t<div class=\"elementor-element elementor-element-27a3628 elementor-widget elementor-widget-html\" data-id=\"27a3628\" data-element_type=\"widget\" data-e-type=\"widget\" data-widget_type=\"html.default\">\n\t\t\t\t<div class=\"elementor-widget-container\">\n\t\t\t\t\t<iframe width=\"560\" height=\"560\" src=\"https:\/\/www.youtube.com\/embed\/ab9JGH963GM?si=72LZav44D9ihD_Fs\" title=\"YouTube video player\" frameborder=\"0\" allow=\"accelerometer; autoplay; clipboard-write; encrypted-media; gyroscope; picture-in-picture; web-share\" referrerpolicy=\"strict-origin-when-cross-origin\" allowfullscreen><\/iframe>\t\t\t\t<\/div>\n\t\t\t\t<\/div>\n\t\t\t\t\t<\/div>\n\t\t<\/div>\n\t\t\t\t\t<\/div>\n\t\t<\/section>\n\t\t\t\t<\/div>\n\t\t","protected":false},"excerpt":{"rendered":"<p>Despu\u00e9s de meses de lectura, escritura en todas las lenguas ense\u00f1adas en la escuela, puesta en escena, fabricaci\u00f3n de disfraces, decorados y sonidos, los alumnos de las clases de CM2A y de CM1\/CM2 presentaron a sus familias sus obras de teatro en el Instituto Franc\u00e9s de Barcelona. Agradecemos a todas las personas que les han [&hellip;]<\/p>\n","protected":false},"author":1,"featured_media":11441,"comment_status":"open","ping_status":"open","sticky":false,"template":"","format":"standard","meta":{"_acf_changed":false,"footnotes":""},"categories":[1],"tags":[],"class_list":["post-11460","post","type-post","status-publish","format-standard","has-post-thumbnail","hentry","category-sin-categorizar"],"acf":[],"yoast_head":"<!-- This site is optimized with the Yoast SEO plugin v27.4 - https:\/\/yoast.com\/product\/yoast-seo-wordpress\/ -->\n<title>Los alumnos de CM2A y CM1 \/ CM2 han representado sus obras de teatro en el Institut Fran\u00e7ais y en el Lyc\u00e9e de Valencia - \u00c9cole fran\u00e7aise FERDINAND DE LESSEPS<\/title>\n<meta name=\"robots\" content=\"index, follow, max-snippet:-1, max-image-preview:large, max-video-preview:-1\" \/>\n<link rel=\"canonical\" href=\"https:\/\/www.lesseps.net\/es\/los-alumnos-de-cm2a-y-cm1-cm2-han-representado-sus-obras-de-teatro-en-el-institut-francais-y-en-el-lycee-de-valencia\/\" \/>\n<meta property=\"og:locale\" content=\"es_ES\" \/>\n<meta property=\"og:type\" content=\"article\" \/>\n<meta property=\"og:title\" content=\"Los alumnos de CM2A y CM1 \/ CM2 han representado sus obras de teatro en el Institut Fran\u00e7ais y en el Lyc\u00e9e de Valencia - \u00c9cole fran\u00e7aise FERDINAND DE LESSEPS\" \/>\n<meta property=\"og:description\" content=\"Despu\u00e9s de meses de lectura, escritura en todas las lenguas ense\u00f1adas en la escuela, puesta en escena, fabricaci\u00f3n de disfraces, decorados y sonidos, los alumnos de las clases de CM2A y de CM1\/CM2 presentaron a sus familias sus obras de teatro en el Instituto Franc\u00e9s de Barcelona. Agradecemos a todas las personas que les han [&hellip;]\" \/>\n<meta property=\"og:url\" content=\"https:\/\/www.lesseps.net\/es\/los-alumnos-de-cm2a-y-cm1-cm2-han-representado-sus-obras-de-teatro-en-el-institut-francais-y-en-el-lycee-de-valencia\/\" \/>\n<meta property=\"og:site_name\" content=\"\u00c9cole fran\u00e7aise FERDINAND DE LESSEPS\" \/>\n<meta property=\"article:published_time\" content=\"2025-06-16T09:39:46+00:00\" \/>\n<meta property=\"article:modified_time\" content=\"2025-06-17T14:39:36+00:00\" \/>\n<meta property=\"og:image\" content=\"https:\/\/www.lesseps.net\/wp-content\/uploads\/2025\/06\/Photo-OK-destacat-e1750067805697.jpg\" \/>\n\t<meta property=\"og:image:width\" content=\"863\" \/>\n\t<meta property=\"og:image:height\" content=\"824\" \/>\n\t<meta property=\"og:image:type\" content=\"image\/jpeg\" \/>\n<meta name=\"author\" content=\"b885c830be\" \/>\n<meta name=\"twitter:card\" content=\"summary_large_image\" \/>\n<meta name=\"twitter:label1\" content=\"Escrito por\" \/>\n\t<meta name=\"twitter:data1\" content=\"b885c830be\" \/>\n\t<meta name=\"twitter:label2\" content=\"Tiempo de lectura\" \/>\n\t<meta name=\"twitter:data2\" content=\"1 minuto\" \/>\n<script type=\"application\/ld+json\" class=\"yoast-schema-graph\">{\"@context\":\"https:\\\/\\\/schema.org\",\"@graph\":[{\"@type\":\"Article\",\"@id\":\"https:\\\/\\\/www.lesseps.net\\\/es\\\/los-alumnos-de-cm2a-y-cm1-cm2-han-representado-sus-obras-de-teatro-en-el-institut-francais-y-en-el-lycee-de-valencia\\\/#article\",\"isPartOf\":{\"@id\":\"https:\\\/\\\/www.lesseps.net\\\/es\\\/los-alumnos-de-cm2a-y-cm1-cm2-han-representado-sus-obras-de-teatro-en-el-institut-francais-y-en-el-lycee-de-valencia\\\/\"},\"author\":{\"name\":\"b885c830be\",\"@id\":\"https:\\\/\\\/www.lesseps.net\\\/es\\\/#\\\/schema\\\/person\\\/65b2a0b5d5a551ac52211b86014d1e0b\"},\"headline\":\"Los alumnos de CM2A y CM1 \\\/ CM2 han representado sus obras de teatro en el Institut Fran\u00e7ais y en el Lyc\u00e9e de Valencia\",\"datePublished\":\"2025-06-16T09:39:46+00:00\",\"dateModified\":\"2025-06-17T14:39:36+00:00\",\"mainEntityOfPage\":{\"@id\":\"https:\\\/\\\/www.lesseps.net\\\/es\\\/los-alumnos-de-cm2a-y-cm1-cm2-han-representado-sus-obras-de-teatro-en-el-institut-francais-y-en-el-lycee-de-valencia\\\/\"},\"wordCount\":150,\"commentCount\":0,\"publisher\":{\"@id\":\"https:\\\/\\\/www.lesseps.net\\\/es\\\/#organization\"},\"image\":{\"@id\":\"https:\\\/\\\/www.lesseps.net\\\/es\\\/los-alumnos-de-cm2a-y-cm1-cm2-han-representado-sus-obras-de-teatro-en-el-institut-francais-y-en-el-lycee-de-valencia\\\/#primaryimage\"},\"thumbnailUrl\":\"https:\\\/\\\/www.lesseps.net\\\/wp-content\\\/uploads\\\/2025\\\/06\\\/Photo-OK-destacat-e1750067805697.jpg\",\"articleSection\":[\"Sin categorizar\"],\"inLanguage\":\"es\",\"potentialAction\":[{\"@type\":\"CommentAction\",\"name\":\"Comment\",\"target\":[\"https:\\\/\\\/www.lesseps.net\\\/es\\\/los-alumnos-de-cm2a-y-cm1-cm2-han-representado-sus-obras-de-teatro-en-el-institut-francais-y-en-el-lycee-de-valencia\\\/#respond\"]}]},{\"@type\":\"WebPage\",\"@id\":\"https:\\\/\\\/www.lesseps.net\\\/es\\\/los-alumnos-de-cm2a-y-cm1-cm2-han-representado-sus-obras-de-teatro-en-el-institut-francais-y-en-el-lycee-de-valencia\\\/\",\"url\":\"https:\\\/\\\/www.lesseps.net\\\/es\\\/los-alumnos-de-cm2a-y-cm1-cm2-han-representado-sus-obras-de-teatro-en-el-institut-francais-y-en-el-lycee-de-valencia\\\/\",\"name\":\"Los alumnos de CM2A y CM1 \\\/ CM2 han representado sus obras de teatro en el Institut Fran\u00e7ais y en el Lyc\u00e9e de Valencia - \u00c9cole fran\u00e7aise FERDINAND DE LESSEPS\",\"isPartOf\":{\"@id\":\"https:\\\/\\\/www.lesseps.net\\\/es\\\/#website\"},\"primaryImageOfPage\":{\"@id\":\"https:\\\/\\\/www.lesseps.net\\\/es\\\/los-alumnos-de-cm2a-y-cm1-cm2-han-representado-sus-obras-de-teatro-en-el-institut-francais-y-en-el-lycee-de-valencia\\\/#primaryimage\"},\"image\":{\"@id\":\"https:\\\/\\\/www.lesseps.net\\\/es\\\/los-alumnos-de-cm2a-y-cm1-cm2-han-representado-sus-obras-de-teatro-en-el-institut-francais-y-en-el-lycee-de-valencia\\\/#primaryimage\"},\"thumbnailUrl\":\"https:\\\/\\\/www.lesseps.net\\\/wp-content\\\/uploads\\\/2025\\\/06\\\/Photo-OK-destacat-e1750067805697.jpg\",\"datePublished\":\"2025-06-16T09:39:46+00:00\",\"dateModified\":\"2025-06-17T14:39:36+00:00\",\"breadcrumb\":{\"@id\":\"https:\\\/\\\/www.lesseps.net\\\/es\\\/los-alumnos-de-cm2a-y-cm1-cm2-han-representado-sus-obras-de-teatro-en-el-institut-francais-y-en-el-lycee-de-valencia\\\/#breadcrumb\"},\"inLanguage\":\"es\",\"potentialAction\":[{\"@type\":\"ReadAction\",\"target\":[\"https:\\\/\\\/www.lesseps.net\\\/es\\\/los-alumnos-de-cm2a-y-cm1-cm2-han-representado-sus-obras-de-teatro-en-el-institut-francais-y-en-el-lycee-de-valencia\\\/\"]}]},{\"@type\":\"ImageObject\",\"inLanguage\":\"es\",\"@id\":\"https:\\\/\\\/www.lesseps.net\\\/es\\\/los-alumnos-de-cm2a-y-cm1-cm2-han-representado-sus-obras-de-teatro-en-el-institut-francais-y-en-el-lycee-de-valencia\\\/#primaryimage\",\"url\":\"https:\\\/\\\/www.lesseps.net\\\/wp-content\\\/uploads\\\/2025\\\/06\\\/Photo-OK-destacat-e1750067805697.jpg\",\"contentUrl\":\"https:\\\/\\\/www.lesseps.net\\\/wp-content\\\/uploads\\\/2025\\\/06\\\/Photo-OK-destacat-e1750067805697.jpg\",\"width\":863,\"height\":824,\"caption\":\"Screenshot\"},{\"@type\":\"BreadcrumbList\",\"@id\":\"https:\\\/\\\/www.lesseps.net\\\/es\\\/los-alumnos-de-cm2a-y-cm1-cm2-han-representado-sus-obras-de-teatro-en-el-institut-francais-y-en-el-lycee-de-valencia\\\/#breadcrumb\",\"itemListElement\":[{\"@type\":\"ListItem\",\"position\":1,\"name\":\"Portada\",\"item\":\"https:\\\/\\\/www.lesseps.net\\\/es\\\/\"},{\"@type\":\"ListItem\",\"position\":2,\"name\":\"Los alumnos de CM2A y CM1 \\\/ CM2 han representado sus obras de teatro en el Institut Fran\u00e7ais y en el Lyc\u00e9e de Valencia\"}]},{\"@type\":\"WebSite\",\"@id\":\"https:\\\/\\\/www.lesseps.net\\\/es\\\/#website\",\"url\":\"https:\\\/\\\/www.lesseps.net\\\/es\\\/\",\"name\":\"\u00c9cole fran\u00e7aise FERDINAND DE LESSEPS\",\"description\":\"Barcelona\",\"publisher\":{\"@id\":\"https:\\\/\\\/www.lesseps.net\\\/es\\\/#organization\"},\"potentialAction\":[{\"@type\":\"SearchAction\",\"target\":{\"@type\":\"EntryPoint\",\"urlTemplate\":\"https:\\\/\\\/www.lesseps.net\\\/es\\\/?s={search_term_string}\"},\"query-input\":{\"@type\":\"PropertyValueSpecification\",\"valueRequired\":true,\"valueName\":\"search_term_string\"}}],\"inLanguage\":\"es\"},{\"@type\":\"Organization\",\"@id\":\"https:\\\/\\\/www.lesseps.net\\\/es\\\/#organization\",\"name\":\"\u00c9cole fran\u00e7aise FERDINAND DE LESSEPS\",\"url\":\"https:\\\/\\\/www.lesseps.net\\\/es\\\/\",\"logo\":{\"@type\":\"ImageObject\",\"inLanguage\":\"es\",\"@id\":\"https:\\\/\\\/www.lesseps.net\\\/es\\\/#\\\/schema\\\/logo\\\/image\\\/\",\"url\":\"https:\\\/\\\/www.lesseps.net\\\/wp-content\\\/uploads\\\/2023\\\/02\\\/ecole-francaise-ferniand-de-lesseps.svg\",\"contentUrl\":\"https:\\\/\\\/www.lesseps.net\\\/wp-content\\\/uploads\\\/2023\\\/02\\\/ecole-francaise-ferniand-de-lesseps.svg\",\"caption\":\"\u00c9cole fran\u00e7aise FERDINAND DE LESSEPS\"},\"image\":{\"@id\":\"https:\\\/\\\/www.lesseps.net\\\/es\\\/#\\\/schema\\\/logo\\\/image\\\/\"},\"sameAs\":[\"https:\\\/\\\/www.instagram.com\\\/ecole.lesseps.barcelone\\\/\",\"https:\\\/\\\/vimeo.com\\\/channels\\\/1305370\",\"https:\\\/\\\/soundcloud.com\\\/lecole-2\"]},{\"@type\":\"Person\",\"@id\":\"https:\\\/\\\/www.lesseps.net\\\/es\\\/#\\\/schema\\\/person\\\/65b2a0b5d5a551ac52211b86014d1e0b\",\"name\":\"b885c830be\",\"image\":{\"@type\":\"ImageObject\",\"inLanguage\":\"es\",\"@id\":\"https:\\\/\\\/secure.gravatar.com\\\/avatar\\\/41cf099fc19fcd9e0edaa3c335c60c6eb87ee9ec89fa5c0e24a030cb4da1fdea?s=96&d=mm&r=g\",\"url\":\"https:\\\/\\\/secure.gravatar.com\\\/avatar\\\/41cf099fc19fcd9e0edaa3c335c60c6eb87ee9ec89fa5c0e24a030cb4da1fdea?s=96&d=mm&r=g\",\"contentUrl\":\"https:\\\/\\\/secure.gravatar.com\\\/avatar\\\/41cf099fc19fcd9e0edaa3c335c60c6eb87ee9ec89fa5c0e24a030cb4da1fdea?s=96&d=mm&r=g\",\"caption\":\"b885c830be\"},\"sameAs\":[\"https:\\\/\\\/www.lesseps.net\\\/newsite\"]}]}<\/script>\n<!-- \/ Yoast SEO plugin. -->","yoast_head_json":{"title":"Los alumnos de CM2A y CM1 \/ CM2 han representado sus obras de teatro en el Institut Fran\u00e7ais y en el Lyc\u00e9e de Valencia - \u00c9cole fran\u00e7aise FERDINAND DE LESSEPS","robots":{"index":"index","follow":"follow","max-snippet":"max-snippet:-1","max-image-preview":"max-image-preview:large","max-video-preview":"max-video-preview:-1"},"canonical":"https:\/\/www.lesseps.net\/es\/los-alumnos-de-cm2a-y-cm1-cm2-han-representado-sus-obras-de-teatro-en-el-institut-francais-y-en-el-lycee-de-valencia\/","og_locale":"es_ES","og_type":"article","og_title":"Los alumnos de CM2A y CM1 \/ CM2 han representado sus obras de teatro en el Institut Fran\u00e7ais y en el Lyc\u00e9e de Valencia - \u00c9cole fran\u00e7aise FERDINAND DE LESSEPS","og_description":"Despu\u00e9s de meses de lectura, escritura en todas las lenguas ense\u00f1adas en la escuela, puesta en escena, fabricaci\u00f3n de disfraces, decorados y sonidos, los alumnos de las clases de CM2A y de CM1\/CM2 presentaron a sus familias sus obras de teatro en el Instituto Franc\u00e9s de Barcelona. Agradecemos a todas las personas que les han [&hellip;]","og_url":"https:\/\/www.lesseps.net\/es\/los-alumnos-de-cm2a-y-cm1-cm2-han-representado-sus-obras-de-teatro-en-el-institut-francais-y-en-el-lycee-de-valencia\/","og_site_name":"\u00c9cole fran\u00e7aise FERDINAND DE LESSEPS","article_published_time":"2025-06-16T09:39:46+00:00","article_modified_time":"2025-06-17T14:39:36+00:00","og_image":[{"width":863,"height":824,"url":"https:\/\/www.lesseps.net\/wp-content\/uploads\/2025\/06\/Photo-OK-destacat-e1750067805697.jpg","type":"image\/jpeg"}],"author":"b885c830be","twitter_card":"summary_large_image","twitter_misc":{"Escrito por":"b885c830be","Tiempo de lectura":"1 minuto"},"schema":{"@context":"https:\/\/schema.org","@graph":[{"@type":"Article","@id":"https:\/\/www.lesseps.net\/es\/los-alumnos-de-cm2a-y-cm1-cm2-han-representado-sus-obras-de-teatro-en-el-institut-francais-y-en-el-lycee-de-valencia\/#article","isPartOf":{"@id":"https:\/\/www.lesseps.net\/es\/los-alumnos-de-cm2a-y-cm1-cm2-han-representado-sus-obras-de-teatro-en-el-institut-francais-y-en-el-lycee-de-valencia\/"},"author":{"name":"b885c830be","@id":"https:\/\/www.lesseps.net\/es\/#\/schema\/person\/65b2a0b5d5a551ac52211b86014d1e0b"},"headline":"Los alumnos de CM2A y CM1 \/ CM2 han representado sus obras de teatro en el Institut Fran\u00e7ais y en el Lyc\u00e9e de Valencia","datePublished":"2025-06-16T09:39:46+00:00","dateModified":"2025-06-17T14:39:36+00:00","mainEntityOfPage":{"@id":"https:\/\/www.lesseps.net\/es\/los-alumnos-de-cm2a-y-cm1-cm2-han-representado-sus-obras-de-teatro-en-el-institut-francais-y-en-el-lycee-de-valencia\/"},"wordCount":150,"commentCount":0,"publisher":{"@id":"https:\/\/www.lesseps.net\/es\/#organization"},"image":{"@id":"https:\/\/www.lesseps.net\/es\/los-alumnos-de-cm2a-y-cm1-cm2-han-representado-sus-obras-de-teatro-en-el-institut-francais-y-en-el-lycee-de-valencia\/#primaryimage"},"thumbnailUrl":"https:\/\/www.lesseps.net\/wp-content\/uploads\/2025\/06\/Photo-OK-destacat-e1750067805697.jpg","articleSection":["Sin categorizar"],"inLanguage":"es","potentialAction":[{"@type":"CommentAction","name":"Comment","target":["https:\/\/www.lesseps.net\/es\/los-alumnos-de-cm2a-y-cm1-cm2-han-representado-sus-obras-de-teatro-en-el-institut-francais-y-en-el-lycee-de-valencia\/#respond"]}]},{"@type":"WebPage","@id":"https:\/\/www.lesseps.net\/es\/los-alumnos-de-cm2a-y-cm1-cm2-han-representado-sus-obras-de-teatro-en-el-institut-francais-y-en-el-lycee-de-valencia\/","url":"https:\/\/www.lesseps.net\/es\/los-alumnos-de-cm2a-y-cm1-cm2-han-representado-sus-obras-de-teatro-en-el-institut-francais-y-en-el-lycee-de-valencia\/","name":"Los alumnos de CM2A y CM1 \/ CM2 han representado sus obras de teatro en el Institut Fran\u00e7ais y en el Lyc\u00e9e de Valencia - \u00c9cole fran\u00e7aise FERDINAND DE LESSEPS","isPartOf":{"@id":"https:\/\/www.lesseps.net\/es\/#website"},"primaryImageOfPage":{"@id":"https:\/\/www.lesseps.net\/es\/los-alumnos-de-cm2a-y-cm1-cm2-han-representado-sus-obras-de-teatro-en-el-institut-francais-y-en-el-lycee-de-valencia\/#primaryimage"},"image":{"@id":"https:\/\/www.lesseps.net\/es\/los-alumnos-de-cm2a-y-cm1-cm2-han-representado-sus-obras-de-teatro-en-el-institut-francais-y-en-el-lycee-de-valencia\/#primaryimage"},"thumbnailUrl":"https:\/\/www.lesseps.net\/wp-content\/uploads\/2025\/06\/Photo-OK-destacat-e1750067805697.jpg","datePublished":"2025-06-16T09:39:46+00:00","dateModified":"2025-06-17T14:39:36+00:00","breadcrumb":{"@id":"https:\/\/www.lesseps.net\/es\/los-alumnos-de-cm2a-y-cm1-cm2-han-representado-sus-obras-de-teatro-en-el-institut-francais-y-en-el-lycee-de-valencia\/#breadcrumb"},"inLanguage":"es","potentialAction":[{"@type":"ReadAction","target":["https:\/\/www.lesseps.net\/es\/los-alumnos-de-cm2a-y-cm1-cm2-han-representado-sus-obras-de-teatro-en-el-institut-francais-y-en-el-lycee-de-valencia\/"]}]},{"@type":"ImageObject","inLanguage":"es","@id":"https:\/\/www.lesseps.net\/es\/los-alumnos-de-cm2a-y-cm1-cm2-han-representado-sus-obras-de-teatro-en-el-institut-francais-y-en-el-lycee-de-valencia\/#primaryimage","url":"https:\/\/www.lesseps.net\/wp-content\/uploads\/2025\/06\/Photo-OK-destacat-e1750067805697.jpg","contentUrl":"https:\/\/www.lesseps.net\/wp-content\/uploads\/2025\/06\/Photo-OK-destacat-e1750067805697.jpg","width":863,"height":824,"caption":"Screenshot"},{"@type":"BreadcrumbList","@id":"https:\/\/www.lesseps.net\/es\/los-alumnos-de-cm2a-y-cm1-cm2-han-representado-sus-obras-de-teatro-en-el-institut-francais-y-en-el-lycee-de-valencia\/#breadcrumb","itemListElement":[{"@type":"ListItem","position":1,"name":"Portada","item":"https:\/\/www.lesseps.net\/es\/"},{"@type":"ListItem","position":2,"name":"Los alumnos de CM2A y CM1 \/ CM2 han representado sus obras de teatro en el Institut Fran\u00e7ais y en el Lyc\u00e9e de Valencia"}]},{"@type":"WebSite","@id":"https:\/\/www.lesseps.net\/es\/#website","url":"https:\/\/www.lesseps.net\/es\/","name":"\u00c9cole fran\u00e7aise FERDINAND DE LESSEPS","description":"Barcelona","publisher":{"@id":"https:\/\/www.lesseps.net\/es\/#organization"},"potentialAction":[{"@type":"SearchAction","target":{"@type":"EntryPoint","urlTemplate":"https:\/\/www.lesseps.net\/es\/?s={search_term_string}"},"query-input":{"@type":"PropertyValueSpecification","valueRequired":true,"valueName":"search_term_string"}}],"inLanguage":"es"},{"@type":"Organization","@id":"https:\/\/www.lesseps.net\/es\/#organization","name":"\u00c9cole fran\u00e7aise FERDINAND DE LESSEPS","url":"https:\/\/www.lesseps.net\/es\/","logo":{"@type":"ImageObject","inLanguage":"es","@id":"https:\/\/www.lesseps.net\/es\/#\/schema\/logo\/image\/","url":"https:\/\/www.lesseps.net\/wp-content\/uploads\/2023\/02\/ecole-francaise-ferniand-de-lesseps.svg","contentUrl":"https:\/\/www.lesseps.net\/wp-content\/uploads\/2023\/02\/ecole-francaise-ferniand-de-lesseps.svg","caption":"\u00c9cole fran\u00e7aise FERDINAND DE LESSEPS"},"image":{"@id":"https:\/\/www.lesseps.net\/es\/#\/schema\/logo\/image\/"},"sameAs":["https:\/\/www.instagram.com\/ecole.lesseps.barcelone\/","https:\/\/vimeo.com\/channels\/1305370","https:\/\/soundcloud.com\/lecole-2"]},{"@type":"Person","@id":"https:\/\/www.lesseps.net\/es\/#\/schema\/person\/65b2a0b5d5a551ac52211b86014d1e0b","name":"b885c830be","image":{"@type":"ImageObject","inLanguage":"es","@id":"https:\/\/secure.gravatar.com\/avatar\/41cf099fc19fcd9e0edaa3c335c60c6eb87ee9ec89fa5c0e24a030cb4da1fdea?s=96&d=mm&r=g","url":"https:\/\/secure.gravatar.com\/avatar\/41cf099fc19fcd9e0edaa3c335c60c6eb87ee9ec89fa5c0e24a030cb4da1fdea?s=96&d=mm&r=g","contentUrl":"https:\/\/secure.gravatar.com\/avatar\/41cf099fc19fcd9e0edaa3c335c60c6eb87ee9ec89fa5c0e24a030cb4da1fdea?s=96&d=mm&r=g","caption":"b885c830be"},"sameAs":["https:\/\/www.lesseps.net\/newsite"]}]}},"_links":{"self":[{"href":"https:\/\/www.lesseps.net\/es\/wp-json\/wp\/v2\/posts\/11460","targetHints":{"allow":["GET"]}}],"collection":[{"href":"https:\/\/www.lesseps.net\/es\/wp-json\/wp\/v2\/posts"}],"about":[{"href":"https:\/\/www.lesseps.net\/es\/wp-json\/wp\/v2\/types\/post"}],"author":[{"embeddable":true,"href":"https:\/\/www.lesseps.net\/es\/wp-json\/wp\/v2\/users\/1"}],"replies":[{"embeddable":true,"href":"https:\/\/www.lesseps.net\/es\/wp-json\/wp\/v2\/comments?post=11460"}],"version-history":[{"count":26,"href":"https:\/\/www.lesseps.net\/es\/wp-json\/wp\/v2\/posts\/11460\/revisions"}],"predecessor-version":[{"id":11505,"href":"https:\/\/www.lesseps.net\/es\/wp-json\/wp\/v2\/posts\/11460\/revisions\/11505"}],"wp:featuredmedia":[{"embeddable":true,"href":"https:\/\/www.lesseps.net\/es\/wp-json\/wp\/v2\/media\/11441"}],"wp:attachment":[{"href":"https:\/\/www.lesseps.net\/es\/wp-json\/wp\/v2\/media?parent=11460"}],"wp:term":[{"taxonomy":"category","embeddable":true,"href":"https:\/\/www.lesseps.net\/es\/wp-json\/wp\/v2\/categories?post=11460"},{"taxonomy":"post_tag","embeddable":true,"href":"https:\/\/www.lesseps.net\/es\/wp-json\/wp\/v2\/tags?post=11460"}],"curies":[{"name":"wp","href":"https:\/\/api.w.org\/{rel}","templated":true}]}}