{"id":8648,"date":"2022-12-08T19:06:12","date_gmt":"2022-12-08T18:06:12","guid":{"rendered":"https:\/\/www.lesseps.net\/?p=8648"},"modified":"2023-11-08T19:10:20","modified_gmt":"2023-11-08T18:10:20","slug":"magia-en-el-aire","status":"publish","type":"post","link":"https:\/\/www.lesseps.net\/es\/magia-en-el-aire\/","title":{"rendered":"Magia en el aire"},"content":{"rendered":"\t\t<div data-elementor-type=\"wp-post\" data-elementor-id=\"8648\" class=\"elementor elementor-8648\" data-elementor-post-type=\"post\">\n\t\t\t\t\t\t<section class=\"elementor-section elementor-top-section elementor-element elementor-element-7937bed elementor-section-boxed elementor-section-height-default elementor-section-height-default\" data-id=\"7937bed\" data-element_type=\"section\" data-e-type=\"section\">\n\t\t\t\t\t\t<div class=\"elementor-container elementor-column-gap-default\">\n\t\t\t\t\t<div class=\"elementor-column elementor-col-100 elementor-top-column elementor-element elementor-element-3ceb6864\" data-id=\"3ceb6864\" data-element_type=\"column\" data-e-type=\"column\">\n\t\t\t<div class=\"elementor-widget-wrap elementor-element-populated\">\n\t\t\t\t\t\t<div class=\"elementor-element elementor-element-1dc92a03 elementor-widget elementor-widget-text-editor\" data-id=\"1dc92a03\" data-element_type=\"widget\" data-e-type=\"widget\" data-widget_type=\"text-editor.default\">\n\t\t\t\t<div class=\"elementor-widget-container\">\n\t\t\t\t\t\t\t\t\tDurante la hora <span class=\"il\">de<\/span> catal\u00e1n, los alumnos <span class=\"il\">de<\/span> CE2 se encontraron con una sorpresa: \u00a1Aleix Vilar\u00f3, el\u00a0<strong>cocinero\/mago<\/strong>\u00a0estaba en el colegio! Les ofreci\u00f3 un taller <span class=\"il\">de<\/span> cocina sana acompa\u00f1ado <span class=\"il\">de<\/span> un desayuno que encant\u00f3 a los m\u00e1s curiosos.\r\n\r\nEl cocinero realiz\u00f3 <strong>trucos <span class=\"il\">de<\/span> magia<\/strong>\u00a0espectaculares y todos disfrutaron <span class=\"il\">de<\/span> una degustaci\u00f3n <span class=\"il\">de<\/span> diferentes frutas \u2026\t\t\t\t\t\t\t\t<\/div>\n\t\t\t\t<\/div>\n\t\t\t\t<div class=\"elementor-element elementor-element-2a57fa0 gallery-spacing-custom elementor-widget elementor-widget-image-gallery\" data-id=\"2a57fa0\" data-element_type=\"widget\" data-e-type=\"widget\" data-widget_type=\"image-gallery.default\">\n\t\t\t\t<div class=\"elementor-widget-container\">\n\t\t\t\t\t\t\t<div class=\"elementor-image-gallery\">\n\t\t\t<div id='gallery-1' class='gallery galleryid-8648 gallery-columns-2 gallery-size-medium_large'><figure class='gallery-item'>\n\t\t\t<div class='gallery-icon landscape'>\n\t\t\t\t<img fetchpriority=\"high\" width=\"750\" height=\"563\" src=\"https:\/\/www.lesseps.net\/wp-content\/uploads\/2023\/11\/magia.jpg\" class=\"attachment-medium_large size-medium_large\" alt=\"Magia en el aire\" decoding=\"async\" srcset=\"https:\/\/www.lesseps.net\/wp-content\/uploads\/2023\/11\/magia.jpg 750w, https:\/\/www.lesseps.net\/wp-content\/uploads\/2023\/11\/magia-300x225.jpg 300w\" sizes=\"(max-width: 750px) 100vw, 750px\" \/>\n\t\t\t<\/div><\/figure><figure class='gallery-item'>\n\t\t\t<div class='gallery-icon landscape'>\n\t\t\t\t<img width=\"768\" height=\"576\" src=\"https:\/\/www.lesseps.net\/wp-content\/uploads\/2023\/11\/magia-2-768x576.jpg\" class=\"attachment-medium_large size-medium_large\" alt=\"Magia en el aire\" decoding=\"async\" srcset=\"https:\/\/www.lesseps.net\/wp-content\/uploads\/2023\/11\/magia-2-768x576.jpg 768w, https:\/\/www.lesseps.net\/wp-content\/uploads\/2023\/11\/magia-2-300x225.jpg 300w, https:\/\/www.lesseps.net\/wp-content\/uploads\/2023\/11\/magia-2.jpg 796w\" sizes=\"(max-width: 768px) 100vw, 768px\" \/>\n\t\t\t<\/div><\/figure>\n\t\t<\/div>\n\t\t<\/div>\n\t\t\t\t\t\t<\/div>\n\t\t\t\t<\/div>\n\t\t\t\t\t<\/div>\n\t\t<\/div>\n\t\t\t\t\t<\/div>\n\t\t<\/section>\n\t\t\t\t<\/div>\n\t\t","protected":false},"excerpt":{"rendered":"<p>Durante la hora de catal\u00e1n, los alumnos de CE2 se encontraron con una sorpresa: \u00a1Aleix Vilar\u00f3, el\u00a0cocinero\/mago\u00a0estaba en el colegio! Les ofreci\u00f3 un taller de cocina sana acompa\u00f1ado de un desayuno que encant\u00f3 a los m\u00e1s curiosos.<\/p>\n","protected":false},"author":1,"featured_media":8654,"comment_status":"open","ping_status":"open","sticky":false,"template":"","format":"standard","meta":{"_acf_changed":false,"footnotes":""},"categories":[1],"tags":[],"class_list":["post-8648","post","type-post","status-publish","format-standard","has-post-thumbnail","hentry","category-sin-categorizar"],"acf":[],"yoast_head":"<!-- This site is optimized with the Yoast SEO plugin v27.4 - https:\/\/yoast.com\/product\/yoast-seo-wordpress\/ -->\n<title>Magia en el aire - \u00c9cole fran\u00e7aise FERDINAND DE LESSEPS<\/title>\n<meta name=\"robots\" content=\"index, follow, max-snippet:-1, max-image-preview:large, max-video-preview:-1\" \/>\n<link rel=\"canonical\" href=\"https:\/\/www.lesseps.net\/es\/magia-en-el-aire\/\" \/>\n<meta property=\"og:locale\" content=\"es_ES\" \/>\n<meta property=\"og:type\" content=\"article\" \/>\n<meta property=\"og:title\" content=\"Magia en el aire - \u00c9cole fran\u00e7aise FERDINAND DE LESSEPS\" \/>\n<meta property=\"og:description\" content=\"Durante la hora de catal\u00e1n, los alumnos de CE2 se encontraron con una sorpresa: \u00a1Aleix Vilar\u00f3, el\u00a0cocinero\/mago\u00a0estaba en el colegio! Les ofreci\u00f3 un taller de cocina sana acompa\u00f1ado de un desayuno que encant\u00f3 a los m\u00e1s curiosos.\" \/>\n<meta property=\"og:url\" content=\"https:\/\/www.lesseps.net\/es\/magia-en-el-aire\/\" \/>\n<meta property=\"og:site_name\" content=\"\u00c9cole fran\u00e7aise FERDINAND DE LESSEPS\" \/>\n<meta property=\"article:published_time\" content=\"2022-12-08T18:06:12+00:00\" \/>\n<meta property=\"article:modified_time\" content=\"2023-11-08T18:10:20+00:00\" \/>\n<meta property=\"og:image\" content=\"https:\/\/www.lesseps.net\/wp-content\/uploads\/2023\/11\/magia-2.jpg\" \/>\n\t<meta property=\"og:image:width\" content=\"796\" \/>\n\t<meta property=\"og:image:height\" content=\"597\" \/>\n\t<meta property=\"og:image:type\" content=\"image\/jpeg\" \/>\n<meta name=\"author\" content=\"b885c830be\" \/>\n<meta name=\"twitter:card\" content=\"summary_large_image\" \/>\n<meta name=\"twitter:label1\" content=\"Escrito por\" \/>\n\t<meta name=\"twitter:data1\" content=\"b885c830be\" \/>\n\t<meta name=\"twitter:label2\" content=\"Tiempo de lectura\" \/>\n\t<meta name=\"twitter:data2\" content=\"1 minuto\" \/>\n<script type=\"application\/ld+json\" class=\"yoast-schema-graph\">{\"@context\":\"https:\\\/\\\/schema.org\",\"@graph\":[{\"@type\":\"Article\",\"@id\":\"https:\\\/\\\/www.lesseps.net\\\/es\\\/magia-en-el-aire\\\/#article\",\"isPartOf\":{\"@id\":\"https:\\\/\\\/www.lesseps.net\\\/es\\\/magia-en-el-aire\\\/\"},\"author\":{\"name\":\"b885c830be\",\"@id\":\"https:\\\/\\\/www.lesseps.net\\\/es\\\/#\\\/schema\\\/person\\\/65b2a0b5d5a551ac52211b86014d1e0b\"},\"headline\":\"Magia en el aire\",\"datePublished\":\"2022-12-08T18:06:12+00:00\",\"dateModified\":\"2023-11-08T18:10:20+00:00\",\"mainEntityOfPage\":{\"@id\":\"https:\\\/\\\/www.lesseps.net\\\/es\\\/magia-en-el-aire\\\/\"},\"wordCount\":64,\"commentCount\":0,\"publisher\":{\"@id\":\"https:\\\/\\\/www.lesseps.net\\\/es\\\/#organization\"},\"image\":{\"@id\":\"https:\\\/\\\/www.lesseps.net\\\/es\\\/magia-en-el-aire\\\/#primaryimage\"},\"thumbnailUrl\":\"https:\\\/\\\/www.lesseps.net\\\/wp-content\\\/uploads\\\/2023\\\/11\\\/magia-2.jpg\",\"articleSection\":[\"Sin categorizar\"],\"inLanguage\":\"es\",\"potentialAction\":[{\"@type\":\"CommentAction\",\"name\":\"Comment\",\"target\":[\"https:\\\/\\\/www.lesseps.net\\\/es\\\/magia-en-el-aire\\\/#respond\"]}]},{\"@type\":\"WebPage\",\"@id\":\"https:\\\/\\\/www.lesseps.net\\\/es\\\/magia-en-el-aire\\\/\",\"url\":\"https:\\\/\\\/www.lesseps.net\\\/es\\\/magia-en-el-aire\\\/\",\"name\":\"Magia en el aire - \u00c9cole fran\u00e7aise FERDINAND DE LESSEPS\",\"isPartOf\":{\"@id\":\"https:\\\/\\\/www.lesseps.net\\\/es\\\/#website\"},\"primaryImageOfPage\":{\"@id\":\"https:\\\/\\\/www.lesseps.net\\\/es\\\/magia-en-el-aire\\\/#primaryimage\"},\"image\":{\"@id\":\"https:\\\/\\\/www.lesseps.net\\\/es\\\/magia-en-el-aire\\\/#primaryimage\"},\"thumbnailUrl\":\"https:\\\/\\\/www.lesseps.net\\\/wp-content\\\/uploads\\\/2023\\\/11\\\/magia-2.jpg\",\"datePublished\":\"2022-12-08T18:06:12+00:00\",\"dateModified\":\"2023-11-08T18:10:20+00:00\",\"breadcrumb\":{\"@id\":\"https:\\\/\\\/www.lesseps.net\\\/es\\\/magia-en-el-aire\\\/#breadcrumb\"},\"inLanguage\":\"es\",\"potentialAction\":[{\"@type\":\"ReadAction\",\"target\":[\"https:\\\/\\\/www.lesseps.net\\\/es\\\/magia-en-el-aire\\\/\"]}]},{\"@type\":\"ImageObject\",\"inLanguage\":\"es\",\"@id\":\"https:\\\/\\\/www.lesseps.net\\\/es\\\/magia-en-el-aire\\\/#primaryimage\",\"url\":\"https:\\\/\\\/www.lesseps.net\\\/wp-content\\\/uploads\\\/2023\\\/11\\\/magia-2.jpg\",\"contentUrl\":\"https:\\\/\\\/www.lesseps.net\\\/wp-content\\\/uploads\\\/2023\\\/11\\\/magia-2.jpg\",\"width\":796,\"height\":597,\"caption\":\"Magia en el aire\"},{\"@type\":\"BreadcrumbList\",\"@id\":\"https:\\\/\\\/www.lesseps.net\\\/es\\\/magia-en-el-aire\\\/#breadcrumb\",\"itemListElement\":[{\"@type\":\"ListItem\",\"position\":1,\"name\":\"Portada\",\"item\":\"https:\\\/\\\/www.lesseps.net\\\/es\\\/\"},{\"@type\":\"ListItem\",\"position\":2,\"name\":\"Magia en el aire\"}]},{\"@type\":\"WebSite\",\"@id\":\"https:\\\/\\\/www.lesseps.net\\\/es\\\/#website\",\"url\":\"https:\\\/\\\/www.lesseps.net\\\/es\\\/\",\"name\":\"\u00c9cole fran\u00e7aise FERDINAND DE LESSEPS\",\"description\":\"Barcelona\",\"publisher\":{\"@id\":\"https:\\\/\\\/www.lesseps.net\\\/es\\\/#organization\"},\"potentialAction\":[{\"@type\":\"SearchAction\",\"target\":{\"@type\":\"EntryPoint\",\"urlTemplate\":\"https:\\\/\\\/www.lesseps.net\\\/es\\\/?s={search_term_string}\"},\"query-input\":{\"@type\":\"PropertyValueSpecification\",\"valueRequired\":true,\"valueName\":\"search_term_string\"}}],\"inLanguage\":\"es\"},{\"@type\":\"Organization\",\"@id\":\"https:\\\/\\\/www.lesseps.net\\\/es\\\/#organization\",\"name\":\"\u00c9cole fran\u00e7aise FERDINAND DE LESSEPS\",\"url\":\"https:\\\/\\\/www.lesseps.net\\\/es\\\/\",\"logo\":{\"@type\":\"ImageObject\",\"inLanguage\":\"es\",\"@id\":\"https:\\\/\\\/www.lesseps.net\\\/es\\\/#\\\/schema\\\/logo\\\/image\\\/\",\"url\":\"https:\\\/\\\/www.lesseps.net\\\/wp-content\\\/uploads\\\/2023\\\/02\\\/ecole-francaise-ferniand-de-lesseps.svg\",\"contentUrl\":\"https:\\\/\\\/www.lesseps.net\\\/wp-content\\\/uploads\\\/2023\\\/02\\\/ecole-francaise-ferniand-de-lesseps.svg\",\"caption\":\"\u00c9cole fran\u00e7aise FERDINAND DE LESSEPS\"},\"image\":{\"@id\":\"https:\\\/\\\/www.lesseps.net\\\/es\\\/#\\\/schema\\\/logo\\\/image\\\/\"},\"sameAs\":[\"https:\\\/\\\/www.instagram.com\\\/ecole.lesseps.barcelone\\\/\",\"https:\\\/\\\/vimeo.com\\\/channels\\\/1305370\",\"https:\\\/\\\/soundcloud.com\\\/lecole-2\"]},{\"@type\":\"Person\",\"@id\":\"https:\\\/\\\/www.lesseps.net\\\/es\\\/#\\\/schema\\\/person\\\/65b2a0b5d5a551ac52211b86014d1e0b\",\"name\":\"b885c830be\",\"image\":{\"@type\":\"ImageObject\",\"inLanguage\":\"es\",\"@id\":\"https:\\\/\\\/secure.gravatar.com\\\/avatar\\\/41cf099fc19fcd9e0edaa3c335c60c6eb87ee9ec89fa5c0e24a030cb4da1fdea?s=96&d=mm&r=g\",\"url\":\"https:\\\/\\\/secure.gravatar.com\\\/avatar\\\/41cf099fc19fcd9e0edaa3c335c60c6eb87ee9ec89fa5c0e24a030cb4da1fdea?s=96&d=mm&r=g\",\"contentUrl\":\"https:\\\/\\\/secure.gravatar.com\\\/avatar\\\/41cf099fc19fcd9e0edaa3c335c60c6eb87ee9ec89fa5c0e24a030cb4da1fdea?s=96&d=mm&r=g\",\"caption\":\"b885c830be\"},\"sameAs\":[\"https:\\\/\\\/www.lesseps.net\\\/newsite\"]}]}<\/script>\n<!-- \/ Yoast SEO plugin. -->","yoast_head_json":{"title":"Magia en el aire - \u00c9cole fran\u00e7aise FERDINAND DE LESSEPS","robots":{"index":"index","follow":"follow","max-snippet":"max-snippet:-1","max-image-preview":"max-image-preview:large","max-video-preview":"max-video-preview:-1"},"canonical":"https:\/\/www.lesseps.net\/es\/magia-en-el-aire\/","og_locale":"es_ES","og_type":"article","og_title":"Magia en el aire - \u00c9cole fran\u00e7aise FERDINAND DE LESSEPS","og_description":"Durante la hora de catal\u00e1n, los alumnos de CE2 se encontraron con una sorpresa: \u00a1Aleix Vilar\u00f3, el\u00a0cocinero\/mago\u00a0estaba en el colegio! Les ofreci\u00f3 un taller de cocina sana acompa\u00f1ado de un desayuno que encant\u00f3 a los m\u00e1s curiosos.","og_url":"https:\/\/www.lesseps.net\/es\/magia-en-el-aire\/","og_site_name":"\u00c9cole fran\u00e7aise FERDINAND DE LESSEPS","article_published_time":"2022-12-08T18:06:12+00:00","article_modified_time":"2023-11-08T18:10:20+00:00","og_image":[{"width":796,"height":597,"url":"https:\/\/www.lesseps.net\/wp-content\/uploads\/2023\/11\/magia-2.jpg","type":"image\/jpeg"}],"author":"b885c830be","twitter_card":"summary_large_image","twitter_misc":{"Escrito por":"b885c830be","Tiempo de lectura":"1 minuto"},"schema":{"@context":"https:\/\/schema.org","@graph":[{"@type":"Article","@id":"https:\/\/www.lesseps.net\/es\/magia-en-el-aire\/#article","isPartOf":{"@id":"https:\/\/www.lesseps.net\/es\/magia-en-el-aire\/"},"author":{"name":"b885c830be","@id":"https:\/\/www.lesseps.net\/es\/#\/schema\/person\/65b2a0b5d5a551ac52211b86014d1e0b"},"headline":"Magia en el aire","datePublished":"2022-12-08T18:06:12+00:00","dateModified":"2023-11-08T18:10:20+00:00","mainEntityOfPage":{"@id":"https:\/\/www.lesseps.net\/es\/magia-en-el-aire\/"},"wordCount":64,"commentCount":0,"publisher":{"@id":"https:\/\/www.lesseps.net\/es\/#organization"},"image":{"@id":"https:\/\/www.lesseps.net\/es\/magia-en-el-aire\/#primaryimage"},"thumbnailUrl":"https:\/\/www.lesseps.net\/wp-content\/uploads\/2023\/11\/magia-2.jpg","articleSection":["Sin categorizar"],"inLanguage":"es","potentialAction":[{"@type":"CommentAction","name":"Comment","target":["https:\/\/www.lesseps.net\/es\/magia-en-el-aire\/#respond"]}]},{"@type":"WebPage","@id":"https:\/\/www.lesseps.net\/es\/magia-en-el-aire\/","url":"https:\/\/www.lesseps.net\/es\/magia-en-el-aire\/","name":"Magia en el aire - \u00c9cole fran\u00e7aise FERDINAND DE LESSEPS","isPartOf":{"@id":"https:\/\/www.lesseps.net\/es\/#website"},"primaryImageOfPage":{"@id":"https:\/\/www.lesseps.net\/es\/magia-en-el-aire\/#primaryimage"},"image":{"@id":"https:\/\/www.lesseps.net\/es\/magia-en-el-aire\/#primaryimage"},"thumbnailUrl":"https:\/\/www.lesseps.net\/wp-content\/uploads\/2023\/11\/magia-2.jpg","datePublished":"2022-12-08T18:06:12+00:00","dateModified":"2023-11-08T18:10:20+00:00","breadcrumb":{"@id":"https:\/\/www.lesseps.net\/es\/magia-en-el-aire\/#breadcrumb"},"inLanguage":"es","potentialAction":[{"@type":"ReadAction","target":["https:\/\/www.lesseps.net\/es\/magia-en-el-aire\/"]}]},{"@type":"ImageObject","inLanguage":"es","@id":"https:\/\/www.lesseps.net\/es\/magia-en-el-aire\/#primaryimage","url":"https:\/\/www.lesseps.net\/wp-content\/uploads\/2023\/11\/magia-2.jpg","contentUrl":"https:\/\/www.lesseps.net\/wp-content\/uploads\/2023\/11\/magia-2.jpg","width":796,"height":597,"caption":"Magia en el aire"},{"@type":"BreadcrumbList","@id":"https:\/\/www.lesseps.net\/es\/magia-en-el-aire\/#breadcrumb","itemListElement":[{"@type":"ListItem","position":1,"name":"Portada","item":"https:\/\/www.lesseps.net\/es\/"},{"@type":"ListItem","position":2,"name":"Magia en el aire"}]},{"@type":"WebSite","@id":"https:\/\/www.lesseps.net\/es\/#website","url":"https:\/\/www.lesseps.net\/es\/","name":"\u00c9cole fran\u00e7aise FERDINAND DE LESSEPS","description":"Barcelona","publisher":{"@id":"https:\/\/www.lesseps.net\/es\/#organization"},"potentialAction":[{"@type":"SearchAction","target":{"@type":"EntryPoint","urlTemplate":"https:\/\/www.lesseps.net\/es\/?s={search_term_string}"},"query-input":{"@type":"PropertyValueSpecification","valueRequired":true,"valueName":"search_term_string"}}],"inLanguage":"es"},{"@type":"Organization","@id":"https:\/\/www.lesseps.net\/es\/#organization","name":"\u00c9cole fran\u00e7aise FERDINAND DE LESSEPS","url":"https:\/\/www.lesseps.net\/es\/","logo":{"@type":"ImageObject","inLanguage":"es","@id":"https:\/\/www.lesseps.net\/es\/#\/schema\/logo\/image\/","url":"https:\/\/www.lesseps.net\/wp-content\/uploads\/2023\/02\/ecole-francaise-ferniand-de-lesseps.svg","contentUrl":"https:\/\/www.lesseps.net\/wp-content\/uploads\/2023\/02\/ecole-francaise-ferniand-de-lesseps.svg","caption":"\u00c9cole fran\u00e7aise FERDINAND DE LESSEPS"},"image":{"@id":"https:\/\/www.lesseps.net\/es\/#\/schema\/logo\/image\/"},"sameAs":["https:\/\/www.instagram.com\/ecole.lesseps.barcelone\/","https:\/\/vimeo.com\/channels\/1305370","https:\/\/soundcloud.com\/lecole-2"]},{"@type":"Person","@id":"https:\/\/www.lesseps.net\/es\/#\/schema\/person\/65b2a0b5d5a551ac52211b86014d1e0b","name":"b885c830be","image":{"@type":"ImageObject","inLanguage":"es","@id":"https:\/\/secure.gravatar.com\/avatar\/41cf099fc19fcd9e0edaa3c335c60c6eb87ee9ec89fa5c0e24a030cb4da1fdea?s=96&d=mm&r=g","url":"https:\/\/secure.gravatar.com\/avatar\/41cf099fc19fcd9e0edaa3c335c60c6eb87ee9ec89fa5c0e24a030cb4da1fdea?s=96&d=mm&r=g","contentUrl":"https:\/\/secure.gravatar.com\/avatar\/41cf099fc19fcd9e0edaa3c335c60c6eb87ee9ec89fa5c0e24a030cb4da1fdea?s=96&d=mm&r=g","caption":"b885c830be"},"sameAs":["https:\/\/www.lesseps.net\/newsite"]}]}},"_links":{"self":[{"href":"https:\/\/www.lesseps.net\/es\/wp-json\/wp\/v2\/posts\/8648","targetHints":{"allow":["GET"]}}],"collection":[{"href":"https:\/\/www.lesseps.net\/es\/wp-json\/wp\/v2\/posts"}],"about":[{"href":"https:\/\/www.lesseps.net\/es\/wp-json\/wp\/v2\/types\/post"}],"author":[{"embeddable":true,"href":"https:\/\/www.lesseps.net\/es\/wp-json\/wp\/v2\/users\/1"}],"replies":[{"embeddable":true,"href":"https:\/\/www.lesseps.net\/es\/wp-json\/wp\/v2\/comments?post=8648"}],"version-history":[{"count":0,"href":"https:\/\/www.lesseps.net\/es\/wp-json\/wp\/v2\/posts\/8648\/revisions"}],"wp:featuredmedia":[{"embeddable":true,"href":"https:\/\/www.lesseps.net\/es\/wp-json\/wp\/v2\/media\/8654"}],"wp:attachment":[{"href":"https:\/\/www.lesseps.net\/es\/wp-json\/wp\/v2\/media?parent=8648"}],"wp:term":[{"taxonomy":"category","embeddable":true,"href":"https:\/\/www.lesseps.net\/es\/wp-json\/wp\/v2\/categories?post=8648"},{"taxonomy":"post_tag","embeddable":true,"href":"https:\/\/www.lesseps.net\/es\/wp-json\/wp\/v2\/tags?post=8648"}],"curies":[{"name":"wp","href":"https:\/\/api.w.org\/{rel}","templated":true}]}}