{"id":11544,"date":"2025-06-16T11:39:46","date_gmt":"2025-06-16T09:39:46","guid":{"rendered":"https:\/\/www.lesseps.net\/les-eleves-de-cm2a-et-cm1-cm2-ont-presente-ses-oeuvres-de-theatre-a-linstitut-francais-et-au-lycee-de-valencia\/"},"modified":"2025-06-26T18:08:57","modified_gmt":"2025-06-26T16:08:57","slug":"les-eleves-de-cm2a-et-cm1-cm2-ont-presente-ses-oeuvres-de-theatre-a-linstitut-francais-et-au-lycee-de-valencia","status":"publish","type":"post","link":"https:\/\/www.lesseps.net\/fr\/les-eleves-de-cm2a-et-cm1-cm2-ont-presente-ses-oeuvres-de-theatre-a-linstitut-francais-et-au-lycee-de-valencia\/","title":{"rendered":"Les \u00e9l\u00e8ves de CM2A et CM1 \/ CM2 ont pr\u00e9sent\u00e9 ses \u0153uvres de th\u00e9\u00e2tre \u00e0 l&rsquo;Institut Fran\u00e7ais et au Lyc\u00e9e de Valencia"},"content":{"rendered":"\t\t<div data-elementor-type=\"wp-post\" data-elementor-id=\"11544\" class=\"elementor elementor-11544 elementor-11460\" data-elementor-post-type=\"post\">\n\t\t\t\t\t\t<section class=\"elementor-section elementor-top-section elementor-element elementor-element-597025a elementor-section-boxed elementor-section-height-default elementor-section-height-default\" data-id=\"597025a\" data-element_type=\"section\" data-e-type=\"section\">\n\t\t\t\t\t\t<div class=\"elementor-container elementor-column-gap-default\">\n\t\t\t\t\t<div class=\"elementor-column elementor-col-100 elementor-top-column elementor-element elementor-element-8756fc7\" data-id=\"8756fc7\" data-element_type=\"column\" data-e-type=\"column\">\n\t\t\t<div class=\"elementor-widget-wrap elementor-element-populated\">\n\t\t\t\t\t\t<div class=\"elementor-element elementor-element-57794a4 elementor-widget elementor-widget-text-editor\" data-id=\"57794a4\" data-element_type=\"widget\" data-e-type=\"widget\" data-widget_type=\"text-editor.default\">\n\t\t\t\t<div class=\"elementor-widget-container\">\n\t\t\t\t\t\t\t\t\t<p>Apr\u00e8s de longs mois, de lecture, d&rsquo;\u00e9criture, de mise en voix dans toutes les langues enseign\u00e9es \u00e0 l&rsquo;\u00e9cole, de mise en sc\u00e8ne, de fabrication de costumes, de d\u00e9cors et de sons, les \u00e9l\u00e8ves des classes de CM2A et de CM1\/CM2 ont pr\u00e9sent\u00e9 \u00e0 leurs familles leurs pi\u00e8ces de th\u00e9\u00e2tre \u00e0 l&rsquo;Institut Fran\u00e7ais de Barcelone.<\/p>\n<p>Nous remercions toutes celles et ceux qui les ont accompagn\u00e9s dans leurs projets et nous esp\u00e9rons que ces images vous plairont.<\/p>\n\t\t\t\t\t\t\t\t<\/div>\n\t\t\t\t<\/div>\n\t\t\t\t\t<\/div>\n\t\t<\/div>\n\t\t\t\t\t<\/div>\n\t\t<\/section>\n\t\t\t\t<section class=\"elementor-section elementor-top-section elementor-element elementor-element-925282a elementor-section-boxed elementor-section-height-default elementor-section-height-default\" data-id=\"925282a\" data-element_type=\"section\" data-e-type=\"section\">\n\t\t\t\t\t\t<div class=\"elementor-container elementor-column-gap-default\">\n\t\t\t\t\t<div class=\"elementor-column elementor-col-100 elementor-top-column elementor-element elementor-element-dc72e25\" data-id=\"dc72e25\" data-element_type=\"column\" data-e-type=\"column\">\n\t\t\t<div class=\"elementor-widget-wrap elementor-element-populated\">\n\t\t\t\t\t\t<div class=\"elementor-element elementor-element-fe81e04 elementor-widget elementor-widget-video\" data-id=\"fe81e04\" data-element_type=\"widget\" data-e-type=\"widget\" data-settings=\"{&quot;video_type&quot;:&quot;vimeo&quot;}\" data-widget_type=\"video.default\">\n\t\t\t\t<div class=\"elementor-widget-container\">\n\t\t\t\t\t\t\t<div class=\"elementor-wrapper elementor-open-inline\">\n\t\t\t<iframe class=\"elementor-video-iframe\" allowfullscreen allow=\"clipboard-write\" title=\"Lecteur vid\u00e9o vimeo\" src=\"https:\/\/player.vimeo.com\/video\/1090784011?color&amp;autopause=0&amp;loop=0&amp;muted=0&amp;title=1&amp;portrait=1&amp;byline=1#t=\"><\/iframe>\t\t<\/div>\n\t\t\t\t\t\t<\/div>\n\t\t\t\t<\/div>\n\t\t\t\t<div class=\"elementor-element elementor-element-f5d4059 elementor-widget elementor-widget-video\" data-id=\"f5d4059\" data-element_type=\"widget\" data-e-type=\"widget\" data-settings=\"{&quot;video_type&quot;:&quot;vimeo&quot;}\" data-widget_type=\"video.default\">\n\t\t\t\t<div class=\"elementor-widget-container\">\n\t\t\t\t\t\t\t<div class=\"elementor-wrapper elementor-open-inline\">\n\t\t\t<iframe class=\"elementor-video-iframe\" allowfullscreen allow=\"clipboard-write\" title=\"Lecteur vid\u00e9o vimeo\" src=\"https:\/\/player.vimeo.com\/video\/1090782366?color&amp;autopause=0&amp;loop=0&amp;muted=0&amp;title=1&amp;portrait=1&amp;byline=1#t=\"><\/iframe>\t\t<\/div>\n\t\t\t\t\t\t<\/div>\n\t\t\t\t<\/div>\n\t\t\t\t\t<\/div>\n\t\t<\/div>\n\t\t\t\t\t<\/div>\n\t\t<\/section>\n\t\t\t\t<section class=\"elementor-section elementor-top-section elementor-element elementor-element-64dee1c elementor-section-boxed elementor-section-height-default elementor-section-height-default\" data-id=\"64dee1c\" data-element_type=\"section\" data-e-type=\"section\">\n\t\t\t\t\t\t<div class=\"elementor-container elementor-column-gap-default\">\n\t\t\t\t\t<div class=\"elementor-column elementor-col-100 elementor-top-column elementor-element elementor-element-43be6f6\" data-id=\"43be6f6\" data-element_type=\"column\" data-e-type=\"column\">\n\t\t\t<div class=\"elementor-widget-wrap elementor-element-populated\">\n\t\t\t\t\t\t<div class=\"elementor-element elementor-element-6c9f62e elementor-widget elementor-widget-text-editor\" data-id=\"6c9f62e\" data-element_type=\"widget\" data-e-type=\"widget\" data-widget_type=\"text-editor.default\">\n\t\t\t\t<div class=\"elementor-widget-container\">\n\t\t\t\t\t\t\t\t\t<p>Le mois d&rsquo;avril la classe de CM1\/CM2 a eu la chance de participer au premier Festival de th\u00e9\u00e2tre et p\u00e9dagogie organis\u00e9 par le Lyc\u00e9e fran\u00e7ais de Valencia. Voici un petit retour en image sur ce superbe moment.<\/p>\n\t\t\t\t\t\t\t\t<\/div>\n\t\t\t\t<\/div>\n\t\t\t\t\t<\/div>\n\t\t<\/div>\n\t\t\t\t\t<\/div>\n\t\t<\/section>\n\t\t\t\t<section class=\"elementor-section elementor-top-section elementor-element elementor-element-5f588f5 elementor-section-boxed elementor-section-height-default elementor-section-height-default\" data-id=\"5f588f5\" data-element_type=\"section\" data-e-type=\"section\">\n\t\t\t\t\t\t<div class=\"elementor-container elementor-column-gap-default\">\n\t\t\t\t\t<div class=\"elementor-column elementor-col-100 elementor-top-column elementor-element elementor-element-7add0e8\" data-id=\"7add0e8\" data-element_type=\"column\" data-e-type=\"column\">\n\t\t\t<div class=\"elementor-widget-wrap elementor-element-populated\">\n\t\t\t\t\t\t<div class=\"elementor-element elementor-element-27a3628 elementor-widget elementor-widget-html\" data-id=\"27a3628\" data-element_type=\"widget\" data-e-type=\"widget\" data-widget_type=\"html.default\">\n\t\t\t\t<div class=\"elementor-widget-container\">\n\t\t\t\t\t<iframe width=\"560\" height=\"560\" src=\"https:\/\/www.youtube.com\/embed\/ab9JGH963GM?si=72LZav44D9ihD_Fs\" title=\"YouTube video player\" frameborder=\"0\" allow=\"accelerometer; autoplay; clipboard-write; encrypted-media; gyroscope; picture-in-picture; web-share\" referrerpolicy=\"strict-origin-when-cross-origin\" allowfullscreen><\/iframe>\t\t\t\t<\/div>\n\t\t\t\t<\/div>\n\t\t\t\t\t<\/div>\n\t\t<\/div>\n\t\t\t\t\t<\/div>\n\t\t<\/section>\n\t\t\t\t<\/div>\n\t\t","protected":false},"excerpt":{"rendered":"<p>Apr\u00e8s de longs mois, de lecture, d&rsquo;\u00e9criture, de mise en voix dans toutes les langues enseign\u00e9es \u00e0 l&rsquo;\u00e9cole, de mise en sc\u00e8ne, de fabrication de costumes, de d\u00e9cors et de sons, les \u00e9l\u00e8ves des classes de CM2A et de CM1\/CM2 ont pr\u00e9sent\u00e9 \u00e0 leurs familles leurs pi\u00e8ces de th\u00e9\u00e2tre \u00e0 l&rsquo;Institut Fran\u00e7ais de Barcelone. Nous [&hellip;]<\/p>\n","protected":false},"author":1,"featured_media":11444,"comment_status":"open","ping_status":"open","sticky":false,"template":"","format":"standard","meta":{"_acf_changed":false,"footnotes":""},"categories":[45],"tags":[],"class_list":["post-11544","post","type-post","status-publish","format-standard","has-post-thumbnail","hentry","category-sin-categorizar-fr"],"acf":[],"yoast_head":"<!-- This site is optimized with the Yoast SEO plugin v27.4 - https:\/\/yoast.com\/product\/yoast-seo-wordpress\/ -->\n<title>Les \u00e9l\u00e8ves de CM2A et CM1 \/ CM2 ont pr\u00e9sent\u00e9 ses \u0153uvres de th\u00e9\u00e2tre \u00e0 l&#039;Institut Fran\u00e7ais et au Lyc\u00e9e de Valencia - \u00c9cole fran\u00e7aise FERDINAND DE LESSEPS<\/title>\n<meta name=\"robots\" content=\"index, follow, max-snippet:-1, max-image-preview:large, max-video-preview:-1\" \/>\n<link rel=\"canonical\" href=\"https:\/\/www.lesseps.net\/fr\/les-eleves-de-cm2a-et-cm1-cm2-ont-presente-ses-oeuvres-de-theatre-a-linstitut-francais-et-au-lycee-de-valencia\/\" \/>\n<meta property=\"og:locale\" content=\"fr_FR\" \/>\n<meta property=\"og:type\" content=\"article\" \/>\n<meta property=\"og:title\" content=\"Les \u00e9l\u00e8ves de CM2A et CM1 \/ CM2 ont pr\u00e9sent\u00e9 ses \u0153uvres de th\u00e9\u00e2tre \u00e0 l&#039;Institut Fran\u00e7ais et au Lyc\u00e9e de Valencia - \u00c9cole fran\u00e7aise FERDINAND DE LESSEPS\" \/>\n<meta property=\"og:description\" content=\"Apr\u00e8s de longs mois, de lecture, d&rsquo;\u00e9criture, de mise en voix dans toutes les langues enseign\u00e9es \u00e0 l&rsquo;\u00e9cole, de mise en sc\u00e8ne, de fabrication de costumes, de d\u00e9cors et de sons, les \u00e9l\u00e8ves des classes de CM2A et de CM1\/CM2 ont pr\u00e9sent\u00e9 \u00e0 leurs familles leurs pi\u00e8ces de th\u00e9\u00e2tre \u00e0 l&rsquo;Institut Fran\u00e7ais de Barcelone. Nous [&hellip;]\" \/>\n<meta property=\"og:url\" content=\"https:\/\/www.lesseps.net\/fr\/les-eleves-de-cm2a-et-cm1-cm2-ont-presente-ses-oeuvres-de-theatre-a-linstitut-francais-et-au-lycee-de-valencia\/\" \/>\n<meta property=\"og:site_name\" content=\"\u00c9cole fran\u00e7aise FERDINAND DE LESSEPS\" \/>\n<meta property=\"article:published_time\" content=\"2025-06-16T09:39:46+00:00\" \/>\n<meta property=\"article:modified_time\" content=\"2025-06-26T16:08:57+00:00\" \/>\n<meta property=\"og:image\" content=\"https:\/\/www.lesseps.net\/wp-content\/uploads\/2025\/06\/Photo-OK-destacat-e1750067805697.jpg\" \/>\n\t<meta property=\"og:image:width\" content=\"1174\" \/>\n\t<meta property=\"og:image:height\" content=\"824\" \/>\n\t<meta property=\"og:image:type\" content=\"image\/jpeg\" \/>\n<meta name=\"author\" content=\"b885c830be\" \/>\n<meta name=\"twitter:card\" content=\"summary_large_image\" \/>\n<meta name=\"twitter:label1\" content=\"\u00c9crit par\" \/>\n\t<meta name=\"twitter:data1\" content=\"b885c830be\" \/>\n\t<meta name=\"twitter:label2\" content=\"Dur\u00e9e de lecture estim\u00e9e\" \/>\n\t<meta name=\"twitter:data2\" content=\"1 minute\" \/>\n<script type=\"application\/ld+json\" class=\"yoast-schema-graph\">{\"@context\":\"https:\\\/\\\/schema.org\",\"@graph\":[{\"@type\":\"Article\",\"@id\":\"https:\\\/\\\/www.lesseps.net\\\/fr\\\/les-eleves-de-cm2a-et-cm1-cm2-ont-presente-ses-oeuvres-de-theatre-a-linstitut-francais-et-au-lycee-de-valencia\\\/#article\",\"isPartOf\":{\"@id\":\"https:\\\/\\\/www.lesseps.net\\\/fr\\\/les-eleves-de-cm2a-et-cm1-cm2-ont-presente-ses-oeuvres-de-theatre-a-linstitut-francais-et-au-lycee-de-valencia\\\/\"},\"author\":{\"name\":\"b885c830be\",\"@id\":\"https:\\\/\\\/www.lesseps.net\\\/fr\\\/#\\\/schema\\\/person\\\/65b2a0b5d5a551ac52211b86014d1e0b\"},\"headline\":\"Les \u00e9l\u00e8ves de CM2A et CM1 \\\/ CM2 ont pr\u00e9sent\u00e9 ses \u0153uvres de th\u00e9\u00e2tre \u00e0 l&rsquo;Institut Fran\u00e7ais et au Lyc\u00e9e de Valencia\",\"datePublished\":\"2025-06-16T09:39:46+00:00\",\"dateModified\":\"2025-06-26T16:08:57+00:00\",\"mainEntityOfPage\":{\"@id\":\"https:\\\/\\\/www.lesseps.net\\\/fr\\\/les-eleves-de-cm2a-et-cm1-cm2-ont-presente-ses-oeuvres-de-theatre-a-linstitut-francais-et-au-lycee-de-valencia\\\/\"},\"wordCount\":164,\"commentCount\":0,\"publisher\":{\"@id\":\"https:\\\/\\\/www.lesseps.net\\\/fr\\\/#organization\"},\"image\":{\"@id\":\"https:\\\/\\\/www.lesseps.net\\\/fr\\\/les-eleves-de-cm2a-et-cm1-cm2-ont-presente-ses-oeuvres-de-theatre-a-linstitut-francais-et-au-lycee-de-valencia\\\/#primaryimage\"},\"thumbnailUrl\":\"https:\\\/\\\/www.lesseps.net\\\/wp-content\\\/uploads\\\/2025\\\/06\\\/Photo-OK-destacat-e1750067805697.jpg\",\"articleSection\":[\"Sin categorizar\"],\"inLanguage\":\"fr-FR\",\"potentialAction\":[{\"@type\":\"CommentAction\",\"name\":\"Comment\",\"target\":[\"https:\\\/\\\/www.lesseps.net\\\/fr\\\/les-eleves-de-cm2a-et-cm1-cm2-ont-presente-ses-oeuvres-de-theatre-a-linstitut-francais-et-au-lycee-de-valencia\\\/#respond\"]}]},{\"@type\":\"WebPage\",\"@id\":\"https:\\\/\\\/www.lesseps.net\\\/fr\\\/les-eleves-de-cm2a-et-cm1-cm2-ont-presente-ses-oeuvres-de-theatre-a-linstitut-francais-et-au-lycee-de-valencia\\\/\",\"url\":\"https:\\\/\\\/www.lesseps.net\\\/fr\\\/les-eleves-de-cm2a-et-cm1-cm2-ont-presente-ses-oeuvres-de-theatre-a-linstitut-francais-et-au-lycee-de-valencia\\\/\",\"name\":\"Les \u00e9l\u00e8ves de CM2A et CM1 \\\/ CM2 ont pr\u00e9sent\u00e9 ses \u0153uvres de th\u00e9\u00e2tre \u00e0 l'Institut Fran\u00e7ais et au Lyc\u00e9e de Valencia - \u00c9cole fran\u00e7aise FERDINAND DE LESSEPS\",\"isPartOf\":{\"@id\":\"https:\\\/\\\/www.lesseps.net\\\/fr\\\/#website\"},\"primaryImageOfPage\":{\"@id\":\"https:\\\/\\\/www.lesseps.net\\\/fr\\\/les-eleves-de-cm2a-et-cm1-cm2-ont-presente-ses-oeuvres-de-theatre-a-linstitut-francais-et-au-lycee-de-valencia\\\/#primaryimage\"},\"image\":{\"@id\":\"https:\\\/\\\/www.lesseps.net\\\/fr\\\/les-eleves-de-cm2a-et-cm1-cm2-ont-presente-ses-oeuvres-de-theatre-a-linstitut-francais-et-au-lycee-de-valencia\\\/#primaryimage\"},\"thumbnailUrl\":\"https:\\\/\\\/www.lesseps.net\\\/wp-content\\\/uploads\\\/2025\\\/06\\\/Photo-OK-destacat-e1750067805697.jpg\",\"datePublished\":\"2025-06-16T09:39:46+00:00\",\"dateModified\":\"2025-06-26T16:08:57+00:00\",\"breadcrumb\":{\"@id\":\"https:\\\/\\\/www.lesseps.net\\\/fr\\\/les-eleves-de-cm2a-et-cm1-cm2-ont-presente-ses-oeuvres-de-theatre-a-linstitut-francais-et-au-lycee-de-valencia\\\/#breadcrumb\"},\"inLanguage\":\"fr-FR\",\"potentialAction\":[{\"@type\":\"ReadAction\",\"target\":[\"https:\\\/\\\/www.lesseps.net\\\/fr\\\/les-eleves-de-cm2a-et-cm1-cm2-ont-presente-ses-oeuvres-de-theatre-a-linstitut-francais-et-au-lycee-de-valencia\\\/\"]}]},{\"@type\":\"ImageObject\",\"inLanguage\":\"fr-FR\",\"@id\":\"https:\\\/\\\/www.lesseps.net\\\/fr\\\/les-eleves-de-cm2a-et-cm1-cm2-ont-presente-ses-oeuvres-de-theatre-a-linstitut-francais-et-au-lycee-de-valencia\\\/#primaryimage\",\"url\":\"https:\\\/\\\/www.lesseps.net\\\/wp-content\\\/uploads\\\/2025\\\/06\\\/Photo-OK-destacat-e1750067805697.jpg\",\"contentUrl\":\"https:\\\/\\\/www.lesseps.net\\\/wp-content\\\/uploads\\\/2025\\\/06\\\/Photo-OK-destacat-e1750067805697.jpg\",\"width\":1174,\"height\":824,\"caption\":\"Screenshot\"},{\"@type\":\"BreadcrumbList\",\"@id\":\"https:\\\/\\\/www.lesseps.net\\\/fr\\\/les-eleves-de-cm2a-et-cm1-cm2-ont-presente-ses-oeuvres-de-theatre-a-linstitut-francais-et-au-lycee-de-valencia\\\/#breadcrumb\",\"itemListElement\":[{\"@type\":\"ListItem\",\"position\":1,\"name\":\"Portada\",\"item\":\"https:\\\/\\\/www.lesseps.net\\\/fr\\\/\"},{\"@type\":\"ListItem\",\"position\":2,\"name\":\"Les \u00e9l\u00e8ves de CM2A et CM1 \\\/ CM2 ont pr\u00e9sent\u00e9 ses \u0153uvres de th\u00e9\u00e2tre \u00e0 l&rsquo;Institut Fran\u00e7ais et au Lyc\u00e9e de Valencia\"}]},{\"@type\":\"WebSite\",\"@id\":\"https:\\\/\\\/www.lesseps.net\\\/fr\\\/#website\",\"url\":\"https:\\\/\\\/www.lesseps.net\\\/fr\\\/\",\"name\":\"\u00c9cole fran\u00e7aise FERDINAND DE LESSEPS\",\"description\":\"Barcelona\",\"publisher\":{\"@id\":\"https:\\\/\\\/www.lesseps.net\\\/fr\\\/#organization\"},\"potentialAction\":[{\"@type\":\"SearchAction\",\"target\":{\"@type\":\"EntryPoint\",\"urlTemplate\":\"https:\\\/\\\/www.lesseps.net\\\/fr\\\/?s={search_term_string}\"},\"query-input\":{\"@type\":\"PropertyValueSpecification\",\"valueRequired\":true,\"valueName\":\"search_term_string\"}}],\"inLanguage\":\"fr-FR\"},{\"@type\":\"Organization\",\"@id\":\"https:\\\/\\\/www.lesseps.net\\\/fr\\\/#organization\",\"name\":\"\u00c9cole fran\u00e7aise FERDINAND DE LESSEPS\",\"url\":\"https:\\\/\\\/www.lesseps.net\\\/fr\\\/\",\"logo\":{\"@type\":\"ImageObject\",\"inLanguage\":\"fr-FR\",\"@id\":\"https:\\\/\\\/www.lesseps.net\\\/fr\\\/#\\\/schema\\\/logo\\\/image\\\/\",\"url\":\"https:\\\/\\\/www.lesseps.net\\\/wp-content\\\/uploads\\\/2023\\\/02\\\/ecole-francaise-ferniand-de-lesseps.svg\",\"contentUrl\":\"https:\\\/\\\/www.lesseps.net\\\/wp-content\\\/uploads\\\/2023\\\/02\\\/ecole-francaise-ferniand-de-lesseps.svg\",\"caption\":\"\u00c9cole fran\u00e7aise FERDINAND DE LESSEPS\"},\"image\":{\"@id\":\"https:\\\/\\\/www.lesseps.net\\\/fr\\\/#\\\/schema\\\/logo\\\/image\\\/\"},\"sameAs\":[\"https:\\\/\\\/www.instagram.com\\\/ecole.lesseps.barcelone\\\/\",\"https:\\\/\\\/vimeo.com\\\/channels\\\/1305370\",\"https:\\\/\\\/soundcloud.com\\\/lecole-2\"]},{\"@type\":\"Person\",\"@id\":\"https:\\\/\\\/www.lesseps.net\\\/fr\\\/#\\\/schema\\\/person\\\/65b2a0b5d5a551ac52211b86014d1e0b\",\"name\":\"b885c830be\",\"image\":{\"@type\":\"ImageObject\",\"inLanguage\":\"fr-FR\",\"@id\":\"https:\\\/\\\/secure.gravatar.com\\\/avatar\\\/41cf099fc19fcd9e0edaa3c335c60c6eb87ee9ec89fa5c0e24a030cb4da1fdea?s=96&d=mm&r=g\",\"url\":\"https:\\\/\\\/secure.gravatar.com\\\/avatar\\\/41cf099fc19fcd9e0edaa3c335c60c6eb87ee9ec89fa5c0e24a030cb4da1fdea?s=96&d=mm&r=g\",\"contentUrl\":\"https:\\\/\\\/secure.gravatar.com\\\/avatar\\\/41cf099fc19fcd9e0edaa3c335c60c6eb87ee9ec89fa5c0e24a030cb4da1fdea?s=96&d=mm&r=g\",\"caption\":\"b885c830be\"},\"sameAs\":[\"https:\\\/\\\/www.lesseps.net\\\/newsite\"]}]}<\/script>\n<!-- \/ Yoast SEO plugin. -->","yoast_head_json":{"title":"Les \u00e9l\u00e8ves de CM2A et CM1 \/ CM2 ont pr\u00e9sent\u00e9 ses \u0153uvres de th\u00e9\u00e2tre \u00e0 l'Institut Fran\u00e7ais et au Lyc\u00e9e de Valencia - \u00c9cole fran\u00e7aise FERDINAND DE LESSEPS","robots":{"index":"index","follow":"follow","max-snippet":"max-snippet:-1","max-image-preview":"max-image-preview:large","max-video-preview":"max-video-preview:-1"},"canonical":"https:\/\/www.lesseps.net\/fr\/les-eleves-de-cm2a-et-cm1-cm2-ont-presente-ses-oeuvres-de-theatre-a-linstitut-francais-et-au-lycee-de-valencia\/","og_locale":"fr_FR","og_type":"article","og_title":"Les \u00e9l\u00e8ves de CM2A et CM1 \/ CM2 ont pr\u00e9sent\u00e9 ses \u0153uvres de th\u00e9\u00e2tre \u00e0 l'Institut Fran\u00e7ais et au Lyc\u00e9e de Valencia - \u00c9cole fran\u00e7aise FERDINAND DE LESSEPS","og_description":"Apr\u00e8s de longs mois, de lecture, d&rsquo;\u00e9criture, de mise en voix dans toutes les langues enseign\u00e9es \u00e0 l&rsquo;\u00e9cole, de mise en sc\u00e8ne, de fabrication de costumes, de d\u00e9cors et de sons, les \u00e9l\u00e8ves des classes de CM2A et de CM1\/CM2 ont pr\u00e9sent\u00e9 \u00e0 leurs familles leurs pi\u00e8ces de th\u00e9\u00e2tre \u00e0 l&rsquo;Institut Fran\u00e7ais de Barcelone. Nous [&hellip;]","og_url":"https:\/\/www.lesseps.net\/fr\/les-eleves-de-cm2a-et-cm1-cm2-ont-presente-ses-oeuvres-de-theatre-a-linstitut-francais-et-au-lycee-de-valencia\/","og_site_name":"\u00c9cole fran\u00e7aise FERDINAND DE LESSEPS","article_published_time":"2025-06-16T09:39:46+00:00","article_modified_time":"2025-06-26T16:08:57+00:00","og_image":[{"width":1174,"height":824,"url":"https:\/\/www.lesseps.net\/wp-content\/uploads\/2025\/06\/Photo-OK-destacat-e1750067805697.jpg","type":"image\/jpeg"}],"author":"b885c830be","twitter_card":"summary_large_image","twitter_misc":{"\u00c9crit par":"b885c830be","Dur\u00e9e de lecture estim\u00e9e":"1 minute"},"schema":{"@context":"https:\/\/schema.org","@graph":[{"@type":"Article","@id":"https:\/\/www.lesseps.net\/fr\/les-eleves-de-cm2a-et-cm1-cm2-ont-presente-ses-oeuvres-de-theatre-a-linstitut-francais-et-au-lycee-de-valencia\/#article","isPartOf":{"@id":"https:\/\/www.lesseps.net\/fr\/les-eleves-de-cm2a-et-cm1-cm2-ont-presente-ses-oeuvres-de-theatre-a-linstitut-francais-et-au-lycee-de-valencia\/"},"author":{"name":"b885c830be","@id":"https:\/\/www.lesseps.net\/fr\/#\/schema\/person\/65b2a0b5d5a551ac52211b86014d1e0b"},"headline":"Les \u00e9l\u00e8ves de CM2A et CM1 \/ CM2 ont pr\u00e9sent\u00e9 ses \u0153uvres de th\u00e9\u00e2tre \u00e0 l&rsquo;Institut Fran\u00e7ais et au Lyc\u00e9e de Valencia","datePublished":"2025-06-16T09:39:46+00:00","dateModified":"2025-06-26T16:08:57+00:00","mainEntityOfPage":{"@id":"https:\/\/www.lesseps.net\/fr\/les-eleves-de-cm2a-et-cm1-cm2-ont-presente-ses-oeuvres-de-theatre-a-linstitut-francais-et-au-lycee-de-valencia\/"},"wordCount":164,"commentCount":0,"publisher":{"@id":"https:\/\/www.lesseps.net\/fr\/#organization"},"image":{"@id":"https:\/\/www.lesseps.net\/fr\/les-eleves-de-cm2a-et-cm1-cm2-ont-presente-ses-oeuvres-de-theatre-a-linstitut-francais-et-au-lycee-de-valencia\/#primaryimage"},"thumbnailUrl":"https:\/\/www.lesseps.net\/wp-content\/uploads\/2025\/06\/Photo-OK-destacat-e1750067805697.jpg","articleSection":["Sin categorizar"],"inLanguage":"fr-FR","potentialAction":[{"@type":"CommentAction","name":"Comment","target":["https:\/\/www.lesseps.net\/fr\/les-eleves-de-cm2a-et-cm1-cm2-ont-presente-ses-oeuvres-de-theatre-a-linstitut-francais-et-au-lycee-de-valencia\/#respond"]}]},{"@type":"WebPage","@id":"https:\/\/www.lesseps.net\/fr\/les-eleves-de-cm2a-et-cm1-cm2-ont-presente-ses-oeuvres-de-theatre-a-linstitut-francais-et-au-lycee-de-valencia\/","url":"https:\/\/www.lesseps.net\/fr\/les-eleves-de-cm2a-et-cm1-cm2-ont-presente-ses-oeuvres-de-theatre-a-linstitut-francais-et-au-lycee-de-valencia\/","name":"Les \u00e9l\u00e8ves de CM2A et CM1 \/ CM2 ont pr\u00e9sent\u00e9 ses \u0153uvres de th\u00e9\u00e2tre \u00e0 l'Institut Fran\u00e7ais et au Lyc\u00e9e de Valencia - \u00c9cole fran\u00e7aise FERDINAND DE LESSEPS","isPartOf":{"@id":"https:\/\/www.lesseps.net\/fr\/#website"},"primaryImageOfPage":{"@id":"https:\/\/www.lesseps.net\/fr\/les-eleves-de-cm2a-et-cm1-cm2-ont-presente-ses-oeuvres-de-theatre-a-linstitut-francais-et-au-lycee-de-valencia\/#primaryimage"},"image":{"@id":"https:\/\/www.lesseps.net\/fr\/les-eleves-de-cm2a-et-cm1-cm2-ont-presente-ses-oeuvres-de-theatre-a-linstitut-francais-et-au-lycee-de-valencia\/#primaryimage"},"thumbnailUrl":"https:\/\/www.lesseps.net\/wp-content\/uploads\/2025\/06\/Photo-OK-destacat-e1750067805697.jpg","datePublished":"2025-06-16T09:39:46+00:00","dateModified":"2025-06-26T16:08:57+00:00","breadcrumb":{"@id":"https:\/\/www.lesseps.net\/fr\/les-eleves-de-cm2a-et-cm1-cm2-ont-presente-ses-oeuvres-de-theatre-a-linstitut-francais-et-au-lycee-de-valencia\/#breadcrumb"},"inLanguage":"fr-FR","potentialAction":[{"@type":"ReadAction","target":["https:\/\/www.lesseps.net\/fr\/les-eleves-de-cm2a-et-cm1-cm2-ont-presente-ses-oeuvres-de-theatre-a-linstitut-francais-et-au-lycee-de-valencia\/"]}]},{"@type":"ImageObject","inLanguage":"fr-FR","@id":"https:\/\/www.lesseps.net\/fr\/les-eleves-de-cm2a-et-cm1-cm2-ont-presente-ses-oeuvres-de-theatre-a-linstitut-francais-et-au-lycee-de-valencia\/#primaryimage","url":"https:\/\/www.lesseps.net\/wp-content\/uploads\/2025\/06\/Photo-OK-destacat-e1750067805697.jpg","contentUrl":"https:\/\/www.lesseps.net\/wp-content\/uploads\/2025\/06\/Photo-OK-destacat-e1750067805697.jpg","width":1174,"height":824,"caption":"Screenshot"},{"@type":"BreadcrumbList","@id":"https:\/\/www.lesseps.net\/fr\/les-eleves-de-cm2a-et-cm1-cm2-ont-presente-ses-oeuvres-de-theatre-a-linstitut-francais-et-au-lycee-de-valencia\/#breadcrumb","itemListElement":[{"@type":"ListItem","position":1,"name":"Portada","item":"https:\/\/www.lesseps.net\/fr\/"},{"@type":"ListItem","position":2,"name":"Les \u00e9l\u00e8ves de CM2A et CM1 \/ CM2 ont pr\u00e9sent\u00e9 ses \u0153uvres de th\u00e9\u00e2tre \u00e0 l&rsquo;Institut Fran\u00e7ais et au Lyc\u00e9e de Valencia"}]},{"@type":"WebSite","@id":"https:\/\/www.lesseps.net\/fr\/#website","url":"https:\/\/www.lesseps.net\/fr\/","name":"\u00c9cole fran\u00e7aise FERDINAND DE LESSEPS","description":"Barcelona","publisher":{"@id":"https:\/\/www.lesseps.net\/fr\/#organization"},"potentialAction":[{"@type":"SearchAction","target":{"@type":"EntryPoint","urlTemplate":"https:\/\/www.lesseps.net\/fr\/?s={search_term_string}"},"query-input":{"@type":"PropertyValueSpecification","valueRequired":true,"valueName":"search_term_string"}}],"inLanguage":"fr-FR"},{"@type":"Organization","@id":"https:\/\/www.lesseps.net\/fr\/#organization","name":"\u00c9cole fran\u00e7aise FERDINAND DE LESSEPS","url":"https:\/\/www.lesseps.net\/fr\/","logo":{"@type":"ImageObject","inLanguage":"fr-FR","@id":"https:\/\/www.lesseps.net\/fr\/#\/schema\/logo\/image\/","url":"https:\/\/www.lesseps.net\/wp-content\/uploads\/2023\/02\/ecole-francaise-ferniand-de-lesseps.svg","contentUrl":"https:\/\/www.lesseps.net\/wp-content\/uploads\/2023\/02\/ecole-francaise-ferniand-de-lesseps.svg","caption":"\u00c9cole fran\u00e7aise FERDINAND DE LESSEPS"},"image":{"@id":"https:\/\/www.lesseps.net\/fr\/#\/schema\/logo\/image\/"},"sameAs":["https:\/\/www.instagram.com\/ecole.lesseps.barcelone\/","https:\/\/vimeo.com\/channels\/1305370","https:\/\/soundcloud.com\/lecole-2"]},{"@type":"Person","@id":"https:\/\/www.lesseps.net\/fr\/#\/schema\/person\/65b2a0b5d5a551ac52211b86014d1e0b","name":"b885c830be","image":{"@type":"ImageObject","inLanguage":"fr-FR","@id":"https:\/\/secure.gravatar.com\/avatar\/41cf099fc19fcd9e0edaa3c335c60c6eb87ee9ec89fa5c0e24a030cb4da1fdea?s=96&d=mm&r=g","url":"https:\/\/secure.gravatar.com\/avatar\/41cf099fc19fcd9e0edaa3c335c60c6eb87ee9ec89fa5c0e24a030cb4da1fdea?s=96&d=mm&r=g","contentUrl":"https:\/\/secure.gravatar.com\/avatar\/41cf099fc19fcd9e0edaa3c335c60c6eb87ee9ec89fa5c0e24a030cb4da1fdea?s=96&d=mm&r=g","caption":"b885c830be"},"sameAs":["https:\/\/www.lesseps.net\/newsite"]}]}},"_links":{"self":[{"href":"https:\/\/www.lesseps.net\/fr\/wp-json\/wp\/v2\/posts\/11544","targetHints":{"allow":["GET"]}}],"collection":[{"href":"https:\/\/www.lesseps.net\/fr\/wp-json\/wp\/v2\/posts"}],"about":[{"href":"https:\/\/www.lesseps.net\/fr\/wp-json\/wp\/v2\/types\/post"}],"author":[{"embeddable":true,"href":"https:\/\/www.lesseps.net\/fr\/wp-json\/wp\/v2\/users\/1"}],"replies":[{"embeddable":true,"href":"https:\/\/www.lesseps.net\/fr\/wp-json\/wp\/v2\/comments?post=11544"}],"version-history":[{"count":3,"href":"https:\/\/www.lesseps.net\/fr\/wp-json\/wp\/v2\/posts\/11544\/revisions"}],"predecessor-version":[{"id":11549,"href":"https:\/\/www.lesseps.net\/fr\/wp-json\/wp\/v2\/posts\/11544\/revisions\/11549"}],"wp:featuredmedia":[{"embeddable":true,"href":"https:\/\/www.lesseps.net\/fr\/wp-json\/wp\/v2\/media\/11444"}],"wp:attachment":[{"href":"https:\/\/www.lesseps.net\/fr\/wp-json\/wp\/v2\/media?parent=11544"}],"wp:term":[{"taxonomy":"category","embeddable":true,"href":"https:\/\/www.lesseps.net\/fr\/wp-json\/wp\/v2\/categories?post=11544"},{"taxonomy":"post_tag","embeddable":true,"href":"https:\/\/www.lesseps.net\/fr\/wp-json\/wp\/v2\/tags?post=11544"}],"curies":[{"name":"wp","href":"https:\/\/api.w.org\/{rel}","templated":true}]}}