{"id":8592,"date":"2023-11-08T18:40:53","date_gmt":"2023-11-08T17:40:53","guid":{"rendered":"https:\/\/www.lesseps.net\/une-matinee-au-musee-picasso\/"},"modified":"2023-11-09T13:38:14","modified_gmt":"2023-11-09T12:38:14","slug":"une-matinee-au-musee-picasso","status":"publish","type":"post","link":"https:\/\/www.lesseps.net\/fr\/une-matinee-au-musee-picasso\/","title":{"rendered":"Une matin\u00e9e au Mus\u00e9e Picasso"},"content":{"rendered":"\t\t<div data-elementor-type=\"wp-post\" data-elementor-id=\"8592\" class=\"elementor elementor-8592 elementor-8575\" data-elementor-post-type=\"post\">\n\t\t\t\t\t\t<section class=\"elementor-section elementor-top-section elementor-element elementor-element-6b1bf6ed elementor-section-boxed elementor-section-height-default elementor-section-height-default\" data-id=\"6b1bf6ed\" data-element_type=\"section\" data-e-type=\"section\">\n\t\t\t\t\t\t<div class=\"elementor-container elementor-column-gap-default\">\n\t\t\t\t\t<div class=\"elementor-column elementor-col-100 elementor-top-column elementor-element elementor-element-3df1f4c4\" data-id=\"3df1f4c4\" data-element_type=\"column\" data-e-type=\"column\">\n\t\t\t<div class=\"elementor-widget-wrap elementor-element-populated\">\n\t\t\t\t\t\t<div class=\"elementor-element elementor-element-4a10bd0 elementor-widget elementor-widget-text-editor\" data-id=\"4a10bd0\" data-element_type=\"widget\" data-e-type=\"widget\" data-widget_type=\"text-editor.default\">\n\t\t\t\t<div class=\"elementor-widget-container\">\n\t\t\t\t\t\t\t\t\tCette ann\u00e9e encore, les classes <span class=\"il\">de<\/span> CP sont all\u00e9es au <strong>mus\u00e9e Picasso<\/strong>.\r\nDiff\u00e9rents portraits <span class=\"il\">de<\/span> Pablo Picasso ont \u00e9t\u00e9 \u00e9tudi\u00e9s <span class=\"il\">de<\/span> pr\u00e8s, certains <strong>figuratifs<\/strong>\u00a0et d\u2019autres <strong>abstraits<\/strong>. Les \u00e9l\u00e8ves\u00a0ont pu constater l\u2019\u00e9volution dans le travail <span class=\"il\">de<\/span> l\u2019artiste.\r\n<span class=\"il\">De<\/span> retour en classe, les peintres en herbe ont pu produire eux m\u00eame leur propre version du <strong>portrait<\/strong>\u2026\t\t\t\t\t\t\t\t<\/div>\n\t\t\t\t<\/div>\n\t\t\t\t\t<\/div>\n\t\t<\/div>\n\t\t\t\t\t<\/div>\n\t\t<\/section>\n\t\t\t\t<section class=\"elementor-section elementor-top-section elementor-element elementor-element-a0cc974 elementor-section-boxed elementor-section-height-default elementor-section-height-default\" data-id=\"a0cc974\" data-element_type=\"section\" data-e-type=\"section\">\n\t\t\t\t\t\t<div class=\"elementor-container elementor-column-gap-default\">\n\t\t\t\t\t<div class=\"elementor-column elementor-col-100 elementor-top-column elementor-element elementor-element-542dfdb\" data-id=\"542dfdb\" data-element_type=\"column\" data-e-type=\"column\">\n\t\t\t<div class=\"elementor-widget-wrap elementor-element-populated\">\n\t\t\t\t\t\t<div class=\"elementor-element elementor-element-5317e03 elementor-widget elementor-widget-image\" data-id=\"5317e03\" data-element_type=\"widget\" data-e-type=\"widget\" data-widget_type=\"image.default\">\n\t\t\t\t<div class=\"elementor-widget-container\">\n\t\t\t\t\t\t\t\t\t\t\t\t\t\t\t<img fetchpriority=\"high\" decoding=\"async\" width=\"754\" height=\"424\" src=\"https:\/\/www.lesseps.net\/wp-content\/uploads\/2023\/11\/picasso-3.jpg\" class=\"attachment-large size-large wp-image-8587\" alt=\"\" srcset=\"https:\/\/www.lesseps.net\/wp-content\/uploads\/2023\/11\/picasso-3.jpg 754w, https:\/\/www.lesseps.net\/wp-content\/uploads\/2023\/11\/picasso-3-300x169.jpg 300w\" sizes=\"(max-width: 754px) 100vw, 754px\" \/>\t\t\t\t\t\t\t\t\t\t\t\t\t\t\t<\/div>\n\t\t\t\t<\/div>\n\t\t\t\t\t<\/div>\n\t\t<\/div>\n\t\t\t\t\t<\/div>\n\t\t<\/section>\n\t\t\t\t<section class=\"elementor-section elementor-top-section elementor-element elementor-element-44c76be elementor-section-boxed elementor-section-height-default elementor-section-height-default\" data-id=\"44c76be\" data-element_type=\"section\" data-e-type=\"section\">\n\t\t\t\t\t\t<div class=\"elementor-container elementor-column-gap-default\">\n\t\t\t\t\t<div class=\"elementor-column elementor-col-50 elementor-top-column elementor-element elementor-element-8c9ff78\" data-id=\"8c9ff78\" data-element_type=\"column\" data-e-type=\"column\">\n\t\t\t<div class=\"elementor-widget-wrap elementor-element-populated\">\n\t\t\t\t\t\t<div class=\"elementor-element elementor-element-079ff73 elementor-widget elementor-widget-image\" data-id=\"079ff73\" data-element_type=\"widget\" data-e-type=\"widget\" data-widget_type=\"image.default\">\n\t\t\t\t<div class=\"elementor-widget-container\">\n\t\t\t\t\t\t\t\t\t\t\t\t\t\t\t<img decoding=\"async\" width=\"566\" height=\"566\" src=\"https:\/\/www.lesseps.net\/wp-content\/uploads\/2023\/11\/picasso-2.jpg\" class=\"attachment-large size-large wp-image-8583\" alt=\"\" srcset=\"https:\/\/www.lesseps.net\/wp-content\/uploads\/2023\/11\/picasso-2.jpg 566w, https:\/\/www.lesseps.net\/wp-content\/uploads\/2023\/11\/picasso-2-300x300.jpg 300w, https:\/\/www.lesseps.net\/wp-content\/uploads\/2023\/11\/picasso-2-150x150.jpg 150w\" sizes=\"(max-width: 566px) 100vw, 566px\" \/>\t\t\t\t\t\t\t\t\t\t\t\t\t\t\t<\/div>\n\t\t\t\t<\/div>\n\t\t\t\t\t<\/div>\n\t\t<\/div>\n\t\t\t\t<div class=\"elementor-column elementor-col-50 elementor-top-column elementor-element elementor-element-67574db\" data-id=\"67574db\" data-element_type=\"column\" data-e-type=\"column\">\n\t\t\t<div class=\"elementor-widget-wrap elementor-element-populated\">\n\t\t\t\t\t\t<div class=\"elementor-element elementor-element-54a1933 elementor-widget elementor-widget-image\" data-id=\"54a1933\" data-element_type=\"widget\" data-e-type=\"widget\" data-widget_type=\"image.default\">\n\t\t\t\t<div class=\"elementor-widget-container\">\n\t\t\t\t\t\t\t\t\t\t\t\t\t\t\t<img decoding=\"async\" width=\"566\" height=\"566\" src=\"https:\/\/www.lesseps.net\/wp-content\/uploads\/2023\/11\/picasso-1.jpg\" class=\"attachment-large size-large wp-image-8579\" alt=\"\" srcset=\"https:\/\/www.lesseps.net\/wp-content\/uploads\/2023\/11\/picasso-1.jpg 566w, https:\/\/www.lesseps.net\/wp-content\/uploads\/2023\/11\/picasso-1-300x300.jpg 300w, https:\/\/www.lesseps.net\/wp-content\/uploads\/2023\/11\/picasso-1-150x150.jpg 150w\" sizes=\"(max-width: 566px) 100vw, 566px\" \/>\t\t\t\t\t\t\t\t\t\t\t\t\t\t\t<\/div>\n\t\t\t\t<\/div>\n\t\t\t\t\t<\/div>\n\t\t<\/div>\n\t\t\t\t\t<\/div>\n\t\t<\/section>\n\t\t\t\t<\/div>\n\t\t","protected":false},"excerpt":{"rendered":"<p>Cette ann\u00e9e encore, les classes de CP sont all\u00e9es au mus\u00e9e Picasso. Diff\u00e9rents portraits de Pablo Picasso ont \u00e9t\u00e9 \u00e9tudi\u00e9s de pr\u00e8s, certains figuratifs\u00a0et d\u2019autres abstraits. Les \u00e9l\u00e8ves\u00a0ont pu constater l\u2019\u00e9volution dans le travail de l\u2019artiste. De retour en classe, les peintres en herbe ont pu produire eux m\u00eame leur propre version du portrait\u2026<\/p>\n","protected":false},"author":1,"featured_media":8587,"comment_status":"open","ping_status":"open","sticky":false,"template":"","format":"standard","meta":{"_acf_changed":false,"footnotes":""},"categories":[13,45],"tags":[],"class_list":["post-8592","post","type-post","status-publish","format-standard","has-post-thumbnail","hentry","category-non-classifiee","category-sin-categorizar-fr"],"acf":[],"yoast_head":"<!-- This site is optimized with the Yoast SEO plugin v27.4 - https:\/\/yoast.com\/product\/yoast-seo-wordpress\/ -->\n<title>Une matin\u00e9e au Mus\u00e9e Picasso - \u00c9cole fran\u00e7aise FERDINAND DE LESSEPS<\/title>\n<meta name=\"robots\" content=\"index, follow, max-snippet:-1, max-image-preview:large, max-video-preview:-1\" \/>\n<link rel=\"canonical\" href=\"https:\/\/www.lesseps.net\/fr\/une-matinee-au-musee-picasso\/\" \/>\n<meta property=\"og:locale\" content=\"fr_FR\" \/>\n<meta property=\"og:type\" content=\"article\" \/>\n<meta property=\"og:title\" content=\"Une matin\u00e9e au Mus\u00e9e Picasso - \u00c9cole fran\u00e7aise FERDINAND DE LESSEPS\" \/>\n<meta property=\"og:description\" content=\"Cette ann\u00e9e encore, les classes de CP sont all\u00e9es au mus\u00e9e Picasso. Diff\u00e9rents portraits de Pablo Picasso ont \u00e9t\u00e9 \u00e9tudi\u00e9s de pr\u00e8s, certains figuratifs\u00a0et d\u2019autres abstraits. Les \u00e9l\u00e8ves\u00a0ont pu constater l\u2019\u00e9volution dans le travail de l\u2019artiste. De retour en classe, les peintres en herbe ont pu produire eux m\u00eame leur propre version du portrait\u2026\" \/>\n<meta property=\"og:url\" content=\"https:\/\/www.lesseps.net\/fr\/une-matinee-au-musee-picasso\/\" \/>\n<meta property=\"og:site_name\" content=\"\u00c9cole fran\u00e7aise FERDINAND DE LESSEPS\" \/>\n<meta property=\"article:published_time\" content=\"2023-11-08T17:40:53+00:00\" \/>\n<meta property=\"article:modified_time\" content=\"2023-11-09T12:38:14+00:00\" \/>\n<meta property=\"og:image\" content=\"https:\/\/www.lesseps.net\/wp-content\/uploads\/2023\/11\/picasso-3.jpg\" \/>\n\t<meta property=\"og:image:width\" content=\"754\" \/>\n\t<meta property=\"og:image:height\" content=\"424\" \/>\n\t<meta property=\"og:image:type\" content=\"image\/jpeg\" \/>\n<meta name=\"author\" content=\"b885c830be\" \/>\n<meta name=\"twitter:card\" content=\"summary_large_image\" \/>\n<meta name=\"twitter:label1\" content=\"\u00c9crit par\" \/>\n\t<meta name=\"twitter:data1\" content=\"b885c830be\" \/>\n<script type=\"application\/ld+json\" class=\"yoast-schema-graph\">{\"@context\":\"https:\\\/\\\/schema.org\",\"@graph\":[{\"@type\":\"Article\",\"@id\":\"https:\\\/\\\/www.lesseps.net\\\/fr\\\/une-matinee-au-musee-picasso\\\/#article\",\"isPartOf\":{\"@id\":\"https:\\\/\\\/www.lesseps.net\\\/fr\\\/une-matinee-au-musee-picasso\\\/\"},\"author\":{\"name\":\"b885c830be\",\"@id\":\"https:\\\/\\\/www.lesseps.net\\\/fr\\\/#\\\/schema\\\/person\\\/65b2a0b5d5a551ac52211b86014d1e0b\"},\"headline\":\"Une matin\u00e9e au Mus\u00e9e Picasso\",\"datePublished\":\"2023-11-08T17:40:53+00:00\",\"dateModified\":\"2023-11-09T12:38:14+00:00\",\"mainEntityOfPage\":{\"@id\":\"https:\\\/\\\/www.lesseps.net\\\/fr\\\/une-matinee-au-musee-picasso\\\/\"},\"wordCount\":74,\"commentCount\":0,\"publisher\":{\"@id\":\"https:\\\/\\\/www.lesseps.net\\\/fr\\\/#organization\"},\"image\":{\"@id\":\"https:\\\/\\\/www.lesseps.net\\\/fr\\\/une-matinee-au-musee-picasso\\\/#primaryimage\"},\"thumbnailUrl\":\"https:\\\/\\\/www.lesseps.net\\\/wp-content\\\/uploads\\\/2023\\\/11\\\/picasso-3.jpg\",\"articleSection\":[\"Sans cat\u00e9gorie\",\"Sin categorizar\"],\"inLanguage\":\"fr-FR\",\"potentialAction\":[{\"@type\":\"CommentAction\",\"name\":\"Comment\",\"target\":[\"https:\\\/\\\/www.lesseps.net\\\/fr\\\/une-matinee-au-musee-picasso\\\/#respond\"]}]},{\"@type\":\"WebPage\",\"@id\":\"https:\\\/\\\/www.lesseps.net\\\/fr\\\/une-matinee-au-musee-picasso\\\/\",\"url\":\"https:\\\/\\\/www.lesseps.net\\\/fr\\\/une-matinee-au-musee-picasso\\\/\",\"name\":\"Une matin\u00e9e au Mus\u00e9e Picasso - \u00c9cole fran\u00e7aise FERDINAND DE LESSEPS\",\"isPartOf\":{\"@id\":\"https:\\\/\\\/www.lesseps.net\\\/fr\\\/#website\"},\"primaryImageOfPage\":{\"@id\":\"https:\\\/\\\/www.lesseps.net\\\/fr\\\/une-matinee-au-musee-picasso\\\/#primaryimage\"},\"image\":{\"@id\":\"https:\\\/\\\/www.lesseps.net\\\/fr\\\/une-matinee-au-musee-picasso\\\/#primaryimage\"},\"thumbnailUrl\":\"https:\\\/\\\/www.lesseps.net\\\/wp-content\\\/uploads\\\/2023\\\/11\\\/picasso-3.jpg\",\"datePublished\":\"2023-11-08T17:40:53+00:00\",\"dateModified\":\"2023-11-09T12:38:14+00:00\",\"breadcrumb\":{\"@id\":\"https:\\\/\\\/www.lesseps.net\\\/fr\\\/une-matinee-au-musee-picasso\\\/#breadcrumb\"},\"inLanguage\":\"fr-FR\",\"potentialAction\":[{\"@type\":\"ReadAction\",\"target\":[\"https:\\\/\\\/www.lesseps.net\\\/fr\\\/une-matinee-au-musee-picasso\\\/\"]}]},{\"@type\":\"ImageObject\",\"inLanguage\":\"fr-FR\",\"@id\":\"https:\\\/\\\/www.lesseps.net\\\/fr\\\/une-matinee-au-musee-picasso\\\/#primaryimage\",\"url\":\"https:\\\/\\\/www.lesseps.net\\\/wp-content\\\/uploads\\\/2023\\\/11\\\/picasso-3.jpg\",\"contentUrl\":\"https:\\\/\\\/www.lesseps.net\\\/wp-content\\\/uploads\\\/2023\\\/11\\\/picasso-3.jpg\",\"width\":754,\"height\":424},{\"@type\":\"BreadcrumbList\",\"@id\":\"https:\\\/\\\/www.lesseps.net\\\/fr\\\/une-matinee-au-musee-picasso\\\/#breadcrumb\",\"itemListElement\":[{\"@type\":\"ListItem\",\"position\":1,\"name\":\"Portada\",\"item\":\"https:\\\/\\\/www.lesseps.net\\\/fr\\\/\"},{\"@type\":\"ListItem\",\"position\":2,\"name\":\"Une matin\u00e9e au Mus\u00e9e Picasso\"}]},{\"@type\":\"WebSite\",\"@id\":\"https:\\\/\\\/www.lesseps.net\\\/fr\\\/#website\",\"url\":\"https:\\\/\\\/www.lesseps.net\\\/fr\\\/\",\"name\":\"\u00c9cole fran\u00e7aise FERDINAND DE LESSEPS\",\"description\":\"Barcelona\",\"publisher\":{\"@id\":\"https:\\\/\\\/www.lesseps.net\\\/fr\\\/#organization\"},\"potentialAction\":[{\"@type\":\"SearchAction\",\"target\":{\"@type\":\"EntryPoint\",\"urlTemplate\":\"https:\\\/\\\/www.lesseps.net\\\/fr\\\/?s={search_term_string}\"},\"query-input\":{\"@type\":\"PropertyValueSpecification\",\"valueRequired\":true,\"valueName\":\"search_term_string\"}}],\"inLanguage\":\"fr-FR\"},{\"@type\":\"Organization\",\"@id\":\"https:\\\/\\\/www.lesseps.net\\\/fr\\\/#organization\",\"name\":\"\u00c9cole fran\u00e7aise FERDINAND DE LESSEPS\",\"url\":\"https:\\\/\\\/www.lesseps.net\\\/fr\\\/\",\"logo\":{\"@type\":\"ImageObject\",\"inLanguage\":\"fr-FR\",\"@id\":\"https:\\\/\\\/www.lesseps.net\\\/fr\\\/#\\\/schema\\\/logo\\\/image\\\/\",\"url\":\"https:\\\/\\\/www.lesseps.net\\\/wp-content\\\/uploads\\\/2023\\\/02\\\/ecole-francaise-ferniand-de-lesseps.svg\",\"contentUrl\":\"https:\\\/\\\/www.lesseps.net\\\/wp-content\\\/uploads\\\/2023\\\/02\\\/ecole-francaise-ferniand-de-lesseps.svg\",\"caption\":\"\u00c9cole fran\u00e7aise FERDINAND DE LESSEPS\"},\"image\":{\"@id\":\"https:\\\/\\\/www.lesseps.net\\\/fr\\\/#\\\/schema\\\/logo\\\/image\\\/\"},\"sameAs\":[\"https:\\\/\\\/www.instagram.com\\\/ecole.lesseps.barcelone\\\/\",\"https:\\\/\\\/vimeo.com\\\/channels\\\/1305370\",\"https:\\\/\\\/soundcloud.com\\\/lecole-2\"]},{\"@type\":\"Person\",\"@id\":\"https:\\\/\\\/www.lesseps.net\\\/fr\\\/#\\\/schema\\\/person\\\/65b2a0b5d5a551ac52211b86014d1e0b\",\"name\":\"b885c830be\",\"image\":{\"@type\":\"ImageObject\",\"inLanguage\":\"fr-FR\",\"@id\":\"https:\\\/\\\/secure.gravatar.com\\\/avatar\\\/41cf099fc19fcd9e0edaa3c335c60c6eb87ee9ec89fa5c0e24a030cb4da1fdea?s=96&d=mm&r=g\",\"url\":\"https:\\\/\\\/secure.gravatar.com\\\/avatar\\\/41cf099fc19fcd9e0edaa3c335c60c6eb87ee9ec89fa5c0e24a030cb4da1fdea?s=96&d=mm&r=g\",\"contentUrl\":\"https:\\\/\\\/secure.gravatar.com\\\/avatar\\\/41cf099fc19fcd9e0edaa3c335c60c6eb87ee9ec89fa5c0e24a030cb4da1fdea?s=96&d=mm&r=g\",\"caption\":\"b885c830be\"},\"sameAs\":[\"https:\\\/\\\/www.lesseps.net\\\/newsite\"]}]}<\/script>\n<!-- \/ Yoast SEO plugin. -->","yoast_head_json":{"title":"Une matin\u00e9e au Mus\u00e9e Picasso - \u00c9cole fran\u00e7aise FERDINAND DE LESSEPS","robots":{"index":"index","follow":"follow","max-snippet":"max-snippet:-1","max-image-preview":"max-image-preview:large","max-video-preview":"max-video-preview:-1"},"canonical":"https:\/\/www.lesseps.net\/fr\/une-matinee-au-musee-picasso\/","og_locale":"fr_FR","og_type":"article","og_title":"Une matin\u00e9e au Mus\u00e9e Picasso - \u00c9cole fran\u00e7aise FERDINAND DE LESSEPS","og_description":"Cette ann\u00e9e encore, les classes de CP sont all\u00e9es au mus\u00e9e Picasso. Diff\u00e9rents portraits de Pablo Picasso ont \u00e9t\u00e9 \u00e9tudi\u00e9s de pr\u00e8s, certains figuratifs\u00a0et d\u2019autres abstraits. Les \u00e9l\u00e8ves\u00a0ont pu constater l\u2019\u00e9volution dans le travail de l\u2019artiste. De retour en classe, les peintres en herbe ont pu produire eux m\u00eame leur propre version du portrait\u2026","og_url":"https:\/\/www.lesseps.net\/fr\/une-matinee-au-musee-picasso\/","og_site_name":"\u00c9cole fran\u00e7aise FERDINAND DE LESSEPS","article_published_time":"2023-11-08T17:40:53+00:00","article_modified_time":"2023-11-09T12:38:14+00:00","og_image":[{"width":754,"height":424,"url":"https:\/\/www.lesseps.net\/wp-content\/uploads\/2023\/11\/picasso-3.jpg","type":"image\/jpeg"}],"author":"b885c830be","twitter_card":"summary_large_image","twitter_misc":{"\u00c9crit par":"b885c830be"},"schema":{"@context":"https:\/\/schema.org","@graph":[{"@type":"Article","@id":"https:\/\/www.lesseps.net\/fr\/une-matinee-au-musee-picasso\/#article","isPartOf":{"@id":"https:\/\/www.lesseps.net\/fr\/une-matinee-au-musee-picasso\/"},"author":{"name":"b885c830be","@id":"https:\/\/www.lesseps.net\/fr\/#\/schema\/person\/65b2a0b5d5a551ac52211b86014d1e0b"},"headline":"Une matin\u00e9e au Mus\u00e9e Picasso","datePublished":"2023-11-08T17:40:53+00:00","dateModified":"2023-11-09T12:38:14+00:00","mainEntityOfPage":{"@id":"https:\/\/www.lesseps.net\/fr\/une-matinee-au-musee-picasso\/"},"wordCount":74,"commentCount":0,"publisher":{"@id":"https:\/\/www.lesseps.net\/fr\/#organization"},"image":{"@id":"https:\/\/www.lesseps.net\/fr\/une-matinee-au-musee-picasso\/#primaryimage"},"thumbnailUrl":"https:\/\/www.lesseps.net\/wp-content\/uploads\/2023\/11\/picasso-3.jpg","articleSection":["Sans cat\u00e9gorie","Sin categorizar"],"inLanguage":"fr-FR","potentialAction":[{"@type":"CommentAction","name":"Comment","target":["https:\/\/www.lesseps.net\/fr\/une-matinee-au-musee-picasso\/#respond"]}]},{"@type":"WebPage","@id":"https:\/\/www.lesseps.net\/fr\/une-matinee-au-musee-picasso\/","url":"https:\/\/www.lesseps.net\/fr\/une-matinee-au-musee-picasso\/","name":"Une matin\u00e9e au Mus\u00e9e Picasso - \u00c9cole fran\u00e7aise FERDINAND DE LESSEPS","isPartOf":{"@id":"https:\/\/www.lesseps.net\/fr\/#website"},"primaryImageOfPage":{"@id":"https:\/\/www.lesseps.net\/fr\/une-matinee-au-musee-picasso\/#primaryimage"},"image":{"@id":"https:\/\/www.lesseps.net\/fr\/une-matinee-au-musee-picasso\/#primaryimage"},"thumbnailUrl":"https:\/\/www.lesseps.net\/wp-content\/uploads\/2023\/11\/picasso-3.jpg","datePublished":"2023-11-08T17:40:53+00:00","dateModified":"2023-11-09T12:38:14+00:00","breadcrumb":{"@id":"https:\/\/www.lesseps.net\/fr\/une-matinee-au-musee-picasso\/#breadcrumb"},"inLanguage":"fr-FR","potentialAction":[{"@type":"ReadAction","target":["https:\/\/www.lesseps.net\/fr\/une-matinee-au-musee-picasso\/"]}]},{"@type":"ImageObject","inLanguage":"fr-FR","@id":"https:\/\/www.lesseps.net\/fr\/une-matinee-au-musee-picasso\/#primaryimage","url":"https:\/\/www.lesseps.net\/wp-content\/uploads\/2023\/11\/picasso-3.jpg","contentUrl":"https:\/\/www.lesseps.net\/wp-content\/uploads\/2023\/11\/picasso-3.jpg","width":754,"height":424},{"@type":"BreadcrumbList","@id":"https:\/\/www.lesseps.net\/fr\/une-matinee-au-musee-picasso\/#breadcrumb","itemListElement":[{"@type":"ListItem","position":1,"name":"Portada","item":"https:\/\/www.lesseps.net\/fr\/"},{"@type":"ListItem","position":2,"name":"Une matin\u00e9e au Mus\u00e9e Picasso"}]},{"@type":"WebSite","@id":"https:\/\/www.lesseps.net\/fr\/#website","url":"https:\/\/www.lesseps.net\/fr\/","name":"\u00c9cole fran\u00e7aise FERDINAND DE LESSEPS","description":"Barcelona","publisher":{"@id":"https:\/\/www.lesseps.net\/fr\/#organization"},"potentialAction":[{"@type":"SearchAction","target":{"@type":"EntryPoint","urlTemplate":"https:\/\/www.lesseps.net\/fr\/?s={search_term_string}"},"query-input":{"@type":"PropertyValueSpecification","valueRequired":true,"valueName":"search_term_string"}}],"inLanguage":"fr-FR"},{"@type":"Organization","@id":"https:\/\/www.lesseps.net\/fr\/#organization","name":"\u00c9cole fran\u00e7aise FERDINAND DE LESSEPS","url":"https:\/\/www.lesseps.net\/fr\/","logo":{"@type":"ImageObject","inLanguage":"fr-FR","@id":"https:\/\/www.lesseps.net\/fr\/#\/schema\/logo\/image\/","url":"https:\/\/www.lesseps.net\/wp-content\/uploads\/2023\/02\/ecole-francaise-ferniand-de-lesseps.svg","contentUrl":"https:\/\/www.lesseps.net\/wp-content\/uploads\/2023\/02\/ecole-francaise-ferniand-de-lesseps.svg","caption":"\u00c9cole fran\u00e7aise FERDINAND DE LESSEPS"},"image":{"@id":"https:\/\/www.lesseps.net\/fr\/#\/schema\/logo\/image\/"},"sameAs":["https:\/\/www.instagram.com\/ecole.lesseps.barcelone\/","https:\/\/vimeo.com\/channels\/1305370","https:\/\/soundcloud.com\/lecole-2"]},{"@type":"Person","@id":"https:\/\/www.lesseps.net\/fr\/#\/schema\/person\/65b2a0b5d5a551ac52211b86014d1e0b","name":"b885c830be","image":{"@type":"ImageObject","inLanguage":"fr-FR","@id":"https:\/\/secure.gravatar.com\/avatar\/41cf099fc19fcd9e0edaa3c335c60c6eb87ee9ec89fa5c0e24a030cb4da1fdea?s=96&d=mm&r=g","url":"https:\/\/secure.gravatar.com\/avatar\/41cf099fc19fcd9e0edaa3c335c60c6eb87ee9ec89fa5c0e24a030cb4da1fdea?s=96&d=mm&r=g","contentUrl":"https:\/\/secure.gravatar.com\/avatar\/41cf099fc19fcd9e0edaa3c335c60c6eb87ee9ec89fa5c0e24a030cb4da1fdea?s=96&d=mm&r=g","caption":"b885c830be"},"sameAs":["https:\/\/www.lesseps.net\/newsite"]}]}},"_links":{"self":[{"href":"https:\/\/www.lesseps.net\/fr\/wp-json\/wp\/v2\/posts\/8592","targetHints":{"allow":["GET"]}}],"collection":[{"href":"https:\/\/www.lesseps.net\/fr\/wp-json\/wp\/v2\/posts"}],"about":[{"href":"https:\/\/www.lesseps.net\/fr\/wp-json\/wp\/v2\/types\/post"}],"author":[{"embeddable":true,"href":"https:\/\/www.lesseps.net\/fr\/wp-json\/wp\/v2\/users\/1"}],"replies":[{"embeddable":true,"href":"https:\/\/www.lesseps.net\/fr\/wp-json\/wp\/v2\/comments?post=8592"}],"version-history":[{"count":0,"href":"https:\/\/www.lesseps.net\/fr\/wp-json\/wp\/v2\/posts\/8592\/revisions"}],"wp:featuredmedia":[{"embeddable":true,"href":"https:\/\/www.lesseps.net\/fr\/wp-json\/wp\/v2\/media\/8587"}],"wp:attachment":[{"href":"https:\/\/www.lesseps.net\/fr\/wp-json\/wp\/v2\/media?parent=8592"}],"wp:term":[{"taxonomy":"category","embeddable":true,"href":"https:\/\/www.lesseps.net\/fr\/wp-json\/wp\/v2\/categories?post=8592"},{"taxonomy":"post_tag","embeddable":true,"href":"https:\/\/www.lesseps.net\/fr\/wp-json\/wp\/v2\/tags?post=8592"}],"curies":[{"name":"wp","href":"https:\/\/api.w.org\/{rel}","templated":true}]}}