{"id":8611,"date":"2023-11-08T12:41:44","date_gmt":"2023-11-08T11:41:44","guid":{"rendered":"https:\/\/www.lesseps.net\/sorties-au-festival-de-cinema-et-au-theatre\/"},"modified":"2023-11-09T13:35:43","modified_gmt":"2023-11-09T12:35:43","slug":"sorties-au-festival-de-cinema-et-au-theatre","status":"publish","type":"post","link":"https:\/\/www.lesseps.net\/fr\/sorties-au-festival-de-cinema-et-au-theatre\/","title":{"rendered":"Sorties au festival de cin\u00e9ma et au th\u00e9\u00e2tre"},"content":{"rendered":"\t\t<div data-elementor-type=\"wp-post\" data-elementor-id=\"8611\" class=\"elementor elementor-8611 elementor-8528\" data-elementor-post-type=\"post\">\n\t\t\t\t\t\t<section class=\"elementor-section elementor-top-section elementor-element elementor-element-e1ad389 elementor-section-boxed elementor-section-height-default elementor-section-height-default\" data-id=\"e1ad389\" data-element_type=\"section\" data-e-type=\"section\">\n\t\t\t\t\t\t<div class=\"elementor-container elementor-column-gap-default\">\n\t\t\t\t\t<div class=\"elementor-column elementor-col-100 elementor-top-column elementor-element elementor-element-f4ce84e\" data-id=\"f4ce84e\" data-element_type=\"column\" data-e-type=\"column\">\n\t\t\t<div class=\"elementor-widget-wrap elementor-element-populated\">\n\t\t\t\t\t\t<div class=\"elementor-element elementor-element-5ba7400 elementor-widget elementor-widget-text-editor\" data-id=\"5ba7400\" data-element_type=\"widget\" data-e-type=\"widget\" data-widget_type=\"text-editor.default\">\n\t\t\t\t<div class=\"elementor-widget-container\">\n\t\t\t\t\t\t\t\t\t<p>\u00a0Les \u00e9l\u00e8ves <span class=\"il\">de<\/span> CE1\/CE2 ont particip\u00e9 au festival\u00a0<strong>\u00ab\u00a0El Meu Primer Festival 2021\u00a0\u00bb<\/strong>\u00a0au cin\u00e9ma\u00a0<strong>Verdi Park<\/strong>. Ils ont eu la chance <span class=\"il\">de<\/span> d\u00e9couvrir une s\u00e9lection <span class=\"il\">de<\/span> <strong>courts m\u00e9trages<\/strong> in\u00e9dits et internationaux. D&rsquo;autres classes <span class=\"il\">de<\/span> CE2 ont pu suivre le festival online \u00e9galement.<\/p>\n\t\t\t\t\t\t\t\t<\/div>\n\t\t\t\t<\/div>\n\t\t\t\t\t<\/div>\n\t\t<\/div>\n\t\t\t\t\t<\/div>\n\t\t<\/section>\n\t\t\t\t<section class=\"elementor-section elementor-top-section elementor-element elementor-element-3123460 elementor-section-boxed elementor-section-height-default elementor-section-height-default\" data-id=\"3123460\" data-element_type=\"section\" data-e-type=\"section\">\n\t\t\t\t\t\t<div class=\"elementor-container elementor-column-gap-default\">\n\t\t\t\t\t<div class=\"elementor-column elementor-col-100 elementor-top-column elementor-element elementor-element-ad27e86\" data-id=\"ad27e86\" data-element_type=\"column\" data-e-type=\"column\">\n\t\t\t<div class=\"elementor-widget-wrap elementor-element-populated\">\n\t\t\t\t\t\t<div class=\"elementor-element elementor-element-9a603d5 elementor-widget elementor-widget-image\" data-id=\"9a603d5\" data-element_type=\"widget\" data-e-type=\"widget\" data-widget_type=\"image.default\">\n\t\t\t\t<div class=\"elementor-widget-container\">\n\t\t\t\t\t\t\t\t\t\t\t\t\t\t\t<img fetchpriority=\"high\" decoding=\"async\" width=\"722\" height=\"286\" src=\"https:\/\/www.lesseps.net\/wp-content\/uploads\/2023\/11\/news-cinema-1.jpg\" class=\"attachment-large size-large wp-image-8541\" alt=\"Sorties au festival de cin\u00e9ma et au th\u00e9\u00e2tre\" srcset=\"https:\/\/www.lesseps.net\/wp-content\/uploads\/2023\/11\/news-cinema-1.jpg 722w, https:\/\/www.lesseps.net\/wp-content\/uploads\/2023\/11\/news-cinema-1-300x119.jpg 300w\" sizes=\"(max-width: 722px) 100vw, 722px\" \/>\t\t\t\t\t\t\t\t\t\t\t\t\t\t\t<\/div>\n\t\t\t\t<\/div>\n\t\t\t\t\t<\/div>\n\t\t<\/div>\n\t\t\t\t\t<\/div>\n\t\t<\/section>\n\t\t\t\t<section class=\"elementor-section elementor-top-section elementor-element elementor-element-8997175 elementor-section-boxed elementor-section-height-default elementor-section-height-default\" data-id=\"8997175\" data-element_type=\"section\" data-e-type=\"section\">\n\t\t\t\t\t\t<div class=\"elementor-container elementor-column-gap-default\">\n\t\t\t\t\t<div class=\"elementor-column elementor-col-33 elementor-top-column elementor-element elementor-element-f872093\" data-id=\"f872093\" data-element_type=\"column\" data-e-type=\"column\">\n\t\t\t<div class=\"elementor-widget-wrap elementor-element-populated\">\n\t\t\t\t\t\t<div class=\"elementor-element elementor-element-fba849a elementor-widget elementor-widget-image\" data-id=\"fba849a\" data-element_type=\"widget\" data-e-type=\"widget\" data-widget_type=\"image.default\">\n\t\t\t\t<div class=\"elementor-widget-container\">\n\t\t\t\t\t\t\t\t\t\t\t\t\t\t\t<img decoding=\"async\" width=\"300\" height=\"450\" src=\"https:\/\/www.lesseps.net\/wp-content\/uploads\/2023\/11\/news-cinema-2.jpg\" class=\"attachment-medium_large size-medium_large wp-image-8537\" alt=\"Sorties au festival de cin\u00e9ma et au th\u00e9\u00e2tre\" srcset=\"https:\/\/www.lesseps.net\/wp-content\/uploads\/2023\/11\/news-cinema-2.jpg 300w, https:\/\/www.lesseps.net\/wp-content\/uploads\/2023\/11\/news-cinema-2-200x300.jpg 200w\" sizes=\"(max-width: 300px) 100vw, 300px\" \/>\t\t\t\t\t\t\t\t\t\t\t\t\t\t\t<\/div>\n\t\t\t\t<\/div>\n\t\t\t\t\t<\/div>\n\t\t<\/div>\n\t\t\t\t<div class=\"elementor-column elementor-col-66 elementor-top-column elementor-element elementor-element-b0cd254\" data-id=\"b0cd254\" data-element_type=\"column\" data-e-type=\"column\">\n\t\t\t<div class=\"elementor-widget-wrap elementor-element-populated\">\n\t\t\t\t\t\t<div class=\"elementor-element elementor-element-02c2e4a elementor-position-top elementor-widget elementor-widget-image-box\" data-id=\"02c2e4a\" data-element_type=\"widget\" data-e-type=\"widget\" data-widget_type=\"image-box.default\">\n\t\t\t\t<div class=\"elementor-widget-container\">\n\t\t\t\t\t<div class=\"elementor-image-box-wrapper\"><figure class=\"elementor-image-box-img\"><img decoding=\"async\" width=\"425\" height=\"425\" src=\"https:\/\/www.lesseps.net\/wp-content\/uploads\/2023\/11\/news-cinema-3.jpg\" class=\"attachment-full size-full wp-image-8533\" alt=\"Sorties au festival de cin\u00e9ma et au th\u00e9\u00e2tre\" srcset=\"https:\/\/www.lesseps.net\/wp-content\/uploads\/2023\/11\/news-cinema-3.jpg 425w, https:\/\/www.lesseps.net\/wp-content\/uploads\/2023\/11\/news-cinema-3-300x300.jpg 300w, https:\/\/www.lesseps.net\/wp-content\/uploads\/2023\/11\/news-cinema-3-150x150.jpg 150w\" sizes=\"(max-width: 425px) 100vw, 425px\" \/><\/figure><div class=\"elementor-image-box-content\"><p class=\"elementor-image-box-description\"> A la fin de la s\u00e9ance, les enfants ont vot\u00e9 pour <strong>leur film pr\u00e9f\u00e9r\u00e9<\/strong>. Chacun est reparti avec sa carte de journaliste et membre du jury ! <\/p><\/div><\/div>\t\t\t\t<\/div>\n\t\t\t\t<\/div>\n\t\t\t\t\t<\/div>\n\t\t<\/div>\n\t\t\t\t\t<\/div>\n\t\t<\/section>\n\t\t\t\t<\/div>\n\t\t","protected":false},"excerpt":{"rendered":"<p> Les \u00e9l\u00e8ves de CE1\/CE2 ont particip\u00e9 au festival \u00ab El Meu Primer Festival 2021 \u00bb au cin\u00e9ma Verdi Park. Ils ont eu la chance de d\u00e9couvrir une s\u00e9lection de courts m\u00e9trages in\u00e9dits et internationaux. D&rsquo;autres classes de CE2 ont pu suivre le festival online \u00e9galement.<\/p>\n","protected":false},"author":1,"featured_media":8541,"comment_status":"open","ping_status":"open","sticky":false,"template":"","format":"standard","meta":{"_acf_changed":false,"footnotes":""},"categories":[45],"tags":[],"class_list":["post-8611","post","type-post","status-publish","format-standard","has-post-thumbnail","hentry","category-sin-categorizar-fr"],"acf":[],"yoast_head":"<!-- This site is optimized with the Yoast SEO plugin v27.4 - https:\/\/yoast.com\/product\/yoast-seo-wordpress\/ -->\n<title>Sorties au festival de cin\u00e9ma et au th\u00e9\u00e2tre - \u00c9cole fran\u00e7aise FERDINAND DE LESSEPS<\/title>\n<meta name=\"robots\" content=\"index, follow, max-snippet:-1, max-image-preview:large, max-video-preview:-1\" \/>\n<link rel=\"canonical\" href=\"https:\/\/www.lesseps.net\/fr\/sorties-au-festival-de-cinema-et-au-theatre\/\" \/>\n<meta property=\"og:locale\" content=\"fr_FR\" \/>\n<meta property=\"og:type\" content=\"article\" \/>\n<meta property=\"og:title\" content=\"Sorties au festival de cin\u00e9ma et au th\u00e9\u00e2tre - \u00c9cole fran\u00e7aise FERDINAND DE LESSEPS\" \/>\n<meta property=\"og:description\" content=\"Les \u00e9l\u00e8ves de CE1\/CE2 ont particip\u00e9 au festival \u00ab El Meu Primer Festival 2021 \u00bb au cin\u00e9ma Verdi Park. Ils ont eu la chance de d\u00e9couvrir une s\u00e9lection de courts m\u00e9trages in\u00e9dits et internationaux. D&#039;autres classes de CE2 ont pu suivre le festival online \u00e9galement.\" \/>\n<meta property=\"og:url\" content=\"https:\/\/www.lesseps.net\/fr\/sorties-au-festival-de-cinema-et-au-theatre\/\" \/>\n<meta property=\"og:site_name\" content=\"\u00c9cole fran\u00e7aise FERDINAND DE LESSEPS\" \/>\n<meta property=\"article:published_time\" content=\"2023-11-08T11:41:44+00:00\" \/>\n<meta property=\"article:modified_time\" content=\"2023-11-09T12:35:43+00:00\" \/>\n<meta property=\"og:image\" content=\"https:\/\/www.lesseps.net\/wp-content\/uploads\/2023\/11\/news-cinema-1.jpg\" \/>\n\t<meta property=\"og:image:width\" content=\"722\" \/>\n\t<meta property=\"og:image:height\" content=\"286\" \/>\n\t<meta property=\"og:image:type\" content=\"image\/jpeg\" \/>\n<meta name=\"author\" content=\"b885c830be\" \/>\n<meta name=\"twitter:card\" content=\"summary_large_image\" \/>\n<meta name=\"twitter:label1\" content=\"\u00c9crit par\" \/>\n\t<meta name=\"twitter:data1\" content=\"b885c830be\" \/>\n\t<meta name=\"twitter:label2\" content=\"Dur\u00e9e de lecture estim\u00e9e\" \/>\n\t<meta name=\"twitter:data2\" content=\"1 minute\" \/>\n<script type=\"application\/ld+json\" class=\"yoast-schema-graph\">{\"@context\":\"https:\\\/\\\/schema.org\",\"@graph\":[{\"@type\":\"Article\",\"@id\":\"https:\\\/\\\/www.lesseps.net\\\/fr\\\/sorties-au-festival-de-cinema-et-au-theatre\\\/#article\",\"isPartOf\":{\"@id\":\"https:\\\/\\\/www.lesseps.net\\\/fr\\\/sorties-au-festival-de-cinema-et-au-theatre\\\/\"},\"author\":{\"name\":\"b885c830be\",\"@id\":\"https:\\\/\\\/www.lesseps.net\\\/fr\\\/#\\\/schema\\\/person\\\/65b2a0b5d5a551ac52211b86014d1e0b\"},\"headline\":\"Sorties au festival de cin\u00e9ma et au th\u00e9\u00e2tre\",\"datePublished\":\"2023-11-08T11:41:44+00:00\",\"dateModified\":\"2023-11-09T12:35:43+00:00\",\"mainEntityOfPage\":{\"@id\":\"https:\\\/\\\/www.lesseps.net\\\/fr\\\/sorties-au-festival-de-cinema-et-au-theatre\\\/\"},\"wordCount\":89,\"commentCount\":0,\"publisher\":{\"@id\":\"https:\\\/\\\/www.lesseps.net\\\/fr\\\/#organization\"},\"image\":{\"@id\":\"https:\\\/\\\/www.lesseps.net\\\/fr\\\/sorties-au-festival-de-cinema-et-au-theatre\\\/#primaryimage\"},\"thumbnailUrl\":\"https:\\\/\\\/www.lesseps.net\\\/wp-content\\\/uploads\\\/2023\\\/11\\\/news-cinema-1.jpg\",\"articleSection\":[\"Sin categorizar\"],\"inLanguage\":\"fr-FR\",\"potentialAction\":[{\"@type\":\"CommentAction\",\"name\":\"Comment\",\"target\":[\"https:\\\/\\\/www.lesseps.net\\\/fr\\\/sorties-au-festival-de-cinema-et-au-theatre\\\/#respond\"]}]},{\"@type\":\"WebPage\",\"@id\":\"https:\\\/\\\/www.lesseps.net\\\/fr\\\/sorties-au-festival-de-cinema-et-au-theatre\\\/\",\"url\":\"https:\\\/\\\/www.lesseps.net\\\/fr\\\/sorties-au-festival-de-cinema-et-au-theatre\\\/\",\"name\":\"Sorties au festival de cin\u00e9ma et au th\u00e9\u00e2tre - \u00c9cole fran\u00e7aise FERDINAND DE LESSEPS\",\"isPartOf\":{\"@id\":\"https:\\\/\\\/www.lesseps.net\\\/fr\\\/#website\"},\"primaryImageOfPage\":{\"@id\":\"https:\\\/\\\/www.lesseps.net\\\/fr\\\/sorties-au-festival-de-cinema-et-au-theatre\\\/#primaryimage\"},\"image\":{\"@id\":\"https:\\\/\\\/www.lesseps.net\\\/fr\\\/sorties-au-festival-de-cinema-et-au-theatre\\\/#primaryimage\"},\"thumbnailUrl\":\"https:\\\/\\\/www.lesseps.net\\\/wp-content\\\/uploads\\\/2023\\\/11\\\/news-cinema-1.jpg\",\"datePublished\":\"2023-11-08T11:41:44+00:00\",\"dateModified\":\"2023-11-09T12:35:43+00:00\",\"breadcrumb\":{\"@id\":\"https:\\\/\\\/www.lesseps.net\\\/fr\\\/sorties-au-festival-de-cinema-et-au-theatre\\\/#breadcrumb\"},\"inLanguage\":\"fr-FR\",\"potentialAction\":[{\"@type\":\"ReadAction\",\"target\":[\"https:\\\/\\\/www.lesseps.net\\\/fr\\\/sorties-au-festival-de-cinema-et-au-theatre\\\/\"]}]},{\"@type\":\"ImageObject\",\"inLanguage\":\"fr-FR\",\"@id\":\"https:\\\/\\\/www.lesseps.net\\\/fr\\\/sorties-au-festival-de-cinema-et-au-theatre\\\/#primaryimage\",\"url\":\"https:\\\/\\\/www.lesseps.net\\\/wp-content\\\/uploads\\\/2023\\\/11\\\/news-cinema-1.jpg\",\"contentUrl\":\"https:\\\/\\\/www.lesseps.net\\\/wp-content\\\/uploads\\\/2023\\\/11\\\/news-cinema-1.jpg\",\"width\":722,\"height\":286,\"caption\":\"Sorties au festival de cin\u00e9ma et au th\u00e9\u00e2tre\"},{\"@type\":\"BreadcrumbList\",\"@id\":\"https:\\\/\\\/www.lesseps.net\\\/fr\\\/sorties-au-festival-de-cinema-et-au-theatre\\\/#breadcrumb\",\"itemListElement\":[{\"@type\":\"ListItem\",\"position\":1,\"name\":\"Portada\",\"item\":\"https:\\\/\\\/www.lesseps.net\\\/fr\\\/\"},{\"@type\":\"ListItem\",\"position\":2,\"name\":\"Sorties au festival de cin\u00e9ma et au th\u00e9\u00e2tre\"}]},{\"@type\":\"WebSite\",\"@id\":\"https:\\\/\\\/www.lesseps.net\\\/fr\\\/#website\",\"url\":\"https:\\\/\\\/www.lesseps.net\\\/fr\\\/\",\"name\":\"\u00c9cole fran\u00e7aise FERDINAND DE LESSEPS\",\"description\":\"Barcelona\",\"publisher\":{\"@id\":\"https:\\\/\\\/www.lesseps.net\\\/fr\\\/#organization\"},\"potentialAction\":[{\"@type\":\"SearchAction\",\"target\":{\"@type\":\"EntryPoint\",\"urlTemplate\":\"https:\\\/\\\/www.lesseps.net\\\/fr\\\/?s={search_term_string}\"},\"query-input\":{\"@type\":\"PropertyValueSpecification\",\"valueRequired\":true,\"valueName\":\"search_term_string\"}}],\"inLanguage\":\"fr-FR\"},{\"@type\":\"Organization\",\"@id\":\"https:\\\/\\\/www.lesseps.net\\\/fr\\\/#organization\",\"name\":\"\u00c9cole fran\u00e7aise FERDINAND DE LESSEPS\",\"url\":\"https:\\\/\\\/www.lesseps.net\\\/fr\\\/\",\"logo\":{\"@type\":\"ImageObject\",\"inLanguage\":\"fr-FR\",\"@id\":\"https:\\\/\\\/www.lesseps.net\\\/fr\\\/#\\\/schema\\\/logo\\\/image\\\/\",\"url\":\"https:\\\/\\\/www.lesseps.net\\\/wp-content\\\/uploads\\\/2023\\\/02\\\/ecole-francaise-ferniand-de-lesseps.svg\",\"contentUrl\":\"https:\\\/\\\/www.lesseps.net\\\/wp-content\\\/uploads\\\/2023\\\/02\\\/ecole-francaise-ferniand-de-lesseps.svg\",\"caption\":\"\u00c9cole fran\u00e7aise FERDINAND DE LESSEPS\"},\"image\":{\"@id\":\"https:\\\/\\\/www.lesseps.net\\\/fr\\\/#\\\/schema\\\/logo\\\/image\\\/\"},\"sameAs\":[\"https:\\\/\\\/www.instagram.com\\\/ecole.lesseps.barcelone\\\/\",\"https:\\\/\\\/vimeo.com\\\/channels\\\/1305370\",\"https:\\\/\\\/soundcloud.com\\\/lecole-2\"]},{\"@type\":\"Person\",\"@id\":\"https:\\\/\\\/www.lesseps.net\\\/fr\\\/#\\\/schema\\\/person\\\/65b2a0b5d5a551ac52211b86014d1e0b\",\"name\":\"b885c830be\",\"image\":{\"@type\":\"ImageObject\",\"inLanguage\":\"fr-FR\",\"@id\":\"https:\\\/\\\/secure.gravatar.com\\\/avatar\\\/41cf099fc19fcd9e0edaa3c335c60c6eb87ee9ec89fa5c0e24a030cb4da1fdea?s=96&d=mm&r=g\",\"url\":\"https:\\\/\\\/secure.gravatar.com\\\/avatar\\\/41cf099fc19fcd9e0edaa3c335c60c6eb87ee9ec89fa5c0e24a030cb4da1fdea?s=96&d=mm&r=g\",\"contentUrl\":\"https:\\\/\\\/secure.gravatar.com\\\/avatar\\\/41cf099fc19fcd9e0edaa3c335c60c6eb87ee9ec89fa5c0e24a030cb4da1fdea?s=96&d=mm&r=g\",\"caption\":\"b885c830be\"},\"sameAs\":[\"https:\\\/\\\/www.lesseps.net\\\/newsite\"]}]}<\/script>\n<!-- \/ Yoast SEO plugin. -->","yoast_head_json":{"title":"Sorties au festival de cin\u00e9ma et au th\u00e9\u00e2tre - \u00c9cole fran\u00e7aise FERDINAND DE LESSEPS","robots":{"index":"index","follow":"follow","max-snippet":"max-snippet:-1","max-image-preview":"max-image-preview:large","max-video-preview":"max-video-preview:-1"},"canonical":"https:\/\/www.lesseps.net\/fr\/sorties-au-festival-de-cinema-et-au-theatre\/","og_locale":"fr_FR","og_type":"article","og_title":"Sorties au festival de cin\u00e9ma et au th\u00e9\u00e2tre - \u00c9cole fran\u00e7aise FERDINAND DE LESSEPS","og_description":"Les \u00e9l\u00e8ves de CE1\/CE2 ont particip\u00e9 au festival \u00ab El Meu Primer Festival 2021 \u00bb au cin\u00e9ma Verdi Park. Ils ont eu la chance de d\u00e9couvrir une s\u00e9lection de courts m\u00e9trages in\u00e9dits et internationaux. D'autres classes de CE2 ont pu suivre le festival online \u00e9galement.","og_url":"https:\/\/www.lesseps.net\/fr\/sorties-au-festival-de-cinema-et-au-theatre\/","og_site_name":"\u00c9cole fran\u00e7aise FERDINAND DE LESSEPS","article_published_time":"2023-11-08T11:41:44+00:00","article_modified_time":"2023-11-09T12:35:43+00:00","og_image":[{"width":722,"height":286,"url":"https:\/\/www.lesseps.net\/wp-content\/uploads\/2023\/11\/news-cinema-1.jpg","type":"image\/jpeg"}],"author":"b885c830be","twitter_card":"summary_large_image","twitter_misc":{"\u00c9crit par":"b885c830be","Dur\u00e9e de lecture estim\u00e9e":"1 minute"},"schema":{"@context":"https:\/\/schema.org","@graph":[{"@type":"Article","@id":"https:\/\/www.lesseps.net\/fr\/sorties-au-festival-de-cinema-et-au-theatre\/#article","isPartOf":{"@id":"https:\/\/www.lesseps.net\/fr\/sorties-au-festival-de-cinema-et-au-theatre\/"},"author":{"name":"b885c830be","@id":"https:\/\/www.lesseps.net\/fr\/#\/schema\/person\/65b2a0b5d5a551ac52211b86014d1e0b"},"headline":"Sorties au festival de cin\u00e9ma et au th\u00e9\u00e2tre","datePublished":"2023-11-08T11:41:44+00:00","dateModified":"2023-11-09T12:35:43+00:00","mainEntityOfPage":{"@id":"https:\/\/www.lesseps.net\/fr\/sorties-au-festival-de-cinema-et-au-theatre\/"},"wordCount":89,"commentCount":0,"publisher":{"@id":"https:\/\/www.lesseps.net\/fr\/#organization"},"image":{"@id":"https:\/\/www.lesseps.net\/fr\/sorties-au-festival-de-cinema-et-au-theatre\/#primaryimage"},"thumbnailUrl":"https:\/\/www.lesseps.net\/wp-content\/uploads\/2023\/11\/news-cinema-1.jpg","articleSection":["Sin categorizar"],"inLanguage":"fr-FR","potentialAction":[{"@type":"CommentAction","name":"Comment","target":["https:\/\/www.lesseps.net\/fr\/sorties-au-festival-de-cinema-et-au-theatre\/#respond"]}]},{"@type":"WebPage","@id":"https:\/\/www.lesseps.net\/fr\/sorties-au-festival-de-cinema-et-au-theatre\/","url":"https:\/\/www.lesseps.net\/fr\/sorties-au-festival-de-cinema-et-au-theatre\/","name":"Sorties au festival de cin\u00e9ma et au th\u00e9\u00e2tre - \u00c9cole fran\u00e7aise FERDINAND DE LESSEPS","isPartOf":{"@id":"https:\/\/www.lesseps.net\/fr\/#website"},"primaryImageOfPage":{"@id":"https:\/\/www.lesseps.net\/fr\/sorties-au-festival-de-cinema-et-au-theatre\/#primaryimage"},"image":{"@id":"https:\/\/www.lesseps.net\/fr\/sorties-au-festival-de-cinema-et-au-theatre\/#primaryimage"},"thumbnailUrl":"https:\/\/www.lesseps.net\/wp-content\/uploads\/2023\/11\/news-cinema-1.jpg","datePublished":"2023-11-08T11:41:44+00:00","dateModified":"2023-11-09T12:35:43+00:00","breadcrumb":{"@id":"https:\/\/www.lesseps.net\/fr\/sorties-au-festival-de-cinema-et-au-theatre\/#breadcrumb"},"inLanguage":"fr-FR","potentialAction":[{"@type":"ReadAction","target":["https:\/\/www.lesseps.net\/fr\/sorties-au-festival-de-cinema-et-au-theatre\/"]}]},{"@type":"ImageObject","inLanguage":"fr-FR","@id":"https:\/\/www.lesseps.net\/fr\/sorties-au-festival-de-cinema-et-au-theatre\/#primaryimage","url":"https:\/\/www.lesseps.net\/wp-content\/uploads\/2023\/11\/news-cinema-1.jpg","contentUrl":"https:\/\/www.lesseps.net\/wp-content\/uploads\/2023\/11\/news-cinema-1.jpg","width":722,"height":286,"caption":"Sorties au festival de cin\u00e9ma et au th\u00e9\u00e2tre"},{"@type":"BreadcrumbList","@id":"https:\/\/www.lesseps.net\/fr\/sorties-au-festival-de-cinema-et-au-theatre\/#breadcrumb","itemListElement":[{"@type":"ListItem","position":1,"name":"Portada","item":"https:\/\/www.lesseps.net\/fr\/"},{"@type":"ListItem","position":2,"name":"Sorties au festival de cin\u00e9ma et au th\u00e9\u00e2tre"}]},{"@type":"WebSite","@id":"https:\/\/www.lesseps.net\/fr\/#website","url":"https:\/\/www.lesseps.net\/fr\/","name":"\u00c9cole fran\u00e7aise FERDINAND DE LESSEPS","description":"Barcelona","publisher":{"@id":"https:\/\/www.lesseps.net\/fr\/#organization"},"potentialAction":[{"@type":"SearchAction","target":{"@type":"EntryPoint","urlTemplate":"https:\/\/www.lesseps.net\/fr\/?s={search_term_string}"},"query-input":{"@type":"PropertyValueSpecification","valueRequired":true,"valueName":"search_term_string"}}],"inLanguage":"fr-FR"},{"@type":"Organization","@id":"https:\/\/www.lesseps.net\/fr\/#organization","name":"\u00c9cole fran\u00e7aise FERDINAND DE LESSEPS","url":"https:\/\/www.lesseps.net\/fr\/","logo":{"@type":"ImageObject","inLanguage":"fr-FR","@id":"https:\/\/www.lesseps.net\/fr\/#\/schema\/logo\/image\/","url":"https:\/\/www.lesseps.net\/wp-content\/uploads\/2023\/02\/ecole-francaise-ferniand-de-lesseps.svg","contentUrl":"https:\/\/www.lesseps.net\/wp-content\/uploads\/2023\/02\/ecole-francaise-ferniand-de-lesseps.svg","caption":"\u00c9cole fran\u00e7aise FERDINAND DE LESSEPS"},"image":{"@id":"https:\/\/www.lesseps.net\/fr\/#\/schema\/logo\/image\/"},"sameAs":["https:\/\/www.instagram.com\/ecole.lesseps.barcelone\/","https:\/\/vimeo.com\/channels\/1305370","https:\/\/soundcloud.com\/lecole-2"]},{"@type":"Person","@id":"https:\/\/www.lesseps.net\/fr\/#\/schema\/person\/65b2a0b5d5a551ac52211b86014d1e0b","name":"b885c830be","image":{"@type":"ImageObject","inLanguage":"fr-FR","@id":"https:\/\/secure.gravatar.com\/avatar\/41cf099fc19fcd9e0edaa3c335c60c6eb87ee9ec89fa5c0e24a030cb4da1fdea?s=96&d=mm&r=g","url":"https:\/\/secure.gravatar.com\/avatar\/41cf099fc19fcd9e0edaa3c335c60c6eb87ee9ec89fa5c0e24a030cb4da1fdea?s=96&d=mm&r=g","contentUrl":"https:\/\/secure.gravatar.com\/avatar\/41cf099fc19fcd9e0edaa3c335c60c6eb87ee9ec89fa5c0e24a030cb4da1fdea?s=96&d=mm&r=g","caption":"b885c830be"},"sameAs":["https:\/\/www.lesseps.net\/newsite"]}]}},"_links":{"self":[{"href":"https:\/\/www.lesseps.net\/fr\/wp-json\/wp\/v2\/posts\/8611","targetHints":{"allow":["GET"]}}],"collection":[{"href":"https:\/\/www.lesseps.net\/fr\/wp-json\/wp\/v2\/posts"}],"about":[{"href":"https:\/\/www.lesseps.net\/fr\/wp-json\/wp\/v2\/types\/post"}],"author":[{"embeddable":true,"href":"https:\/\/www.lesseps.net\/fr\/wp-json\/wp\/v2\/users\/1"}],"replies":[{"embeddable":true,"href":"https:\/\/www.lesseps.net\/fr\/wp-json\/wp\/v2\/comments?post=8611"}],"version-history":[{"count":0,"href":"https:\/\/www.lesseps.net\/fr\/wp-json\/wp\/v2\/posts\/8611\/revisions"}],"wp:featuredmedia":[{"embeddable":true,"href":"https:\/\/www.lesseps.net\/fr\/wp-json\/wp\/v2\/media\/8541"}],"wp:attachment":[{"href":"https:\/\/www.lesseps.net\/fr\/wp-json\/wp\/v2\/media?parent=8611"}],"wp:term":[{"taxonomy":"category","embeddable":true,"href":"https:\/\/www.lesseps.net\/fr\/wp-json\/wp\/v2\/categories?post=8611"},{"taxonomy":"post_tag","embeddable":true,"href":"https:\/\/www.lesseps.net\/fr\/wp-json\/wp\/v2\/tags?post=8611"}],"curies":[{"name":"wp","href":"https:\/\/api.w.org\/{rel}","templated":true}]}}