{"id":8645,"date":"2023-11-08T18:59:40","date_gmt":"2023-11-08T17:59:40","guid":{"rendered":"https:\/\/www.lesseps.net\/les-delegues-du-cycle-iii-commemorent-le-11-novembre\/"},"modified":"2023-11-08T19:10:35","modified_gmt":"2023-11-08T18:10:35","slug":"les-delegues-du-cycle-iii-commemorent-le-11-novembre","status":"publish","type":"post","link":"https:\/\/www.lesseps.net\/fr\/les-delegues-du-cycle-iii-commemorent-le-11-novembre\/","title":{"rendered":"Les d\u00e9l\u00e9gu\u00e9s du cycle III comm\u00e9morent le 11 novembre"},"content":{"rendered":"\t\t<div data-elementor-type=\"wp-post\" data-elementor-id=\"8645\" class=\"elementor elementor-8645 elementor-8628\" data-elementor-post-type=\"post\">\n\t\t\t\t\t\t<section class=\"elementor-section elementor-top-section elementor-element elementor-element-7f784007 elementor-section-boxed elementor-section-height-default elementor-section-height-default\" data-id=\"7f784007\" data-element_type=\"section\" data-e-type=\"section\">\n\t\t\t\t\t\t<div class=\"elementor-container elementor-column-gap-default\">\n\t\t\t\t\t<div class=\"elementor-column elementor-col-100 elementor-top-column elementor-element elementor-element-1791f859\" data-id=\"1791f859\" data-element_type=\"column\" data-e-type=\"column\">\n\t\t\t<div class=\"elementor-widget-wrap elementor-element-populated\">\n\t\t\t\t\t\t<div class=\"elementor-element elementor-element-56628c9f elementor-widget elementor-widget-text-editor\" data-id=\"56628c9f\" data-element_type=\"widget\" data-e-type=\"widget\" data-widget_type=\"text-editor.default\">\n\t\t\t\t<div class=\"elementor-widget-container\">\n\t\t\t\t\t\t\t\t\t<p>Le 11 novembre, les d\u00e9l\u00e9gu\u00e9es <span class=\"il\">de<\/span> cycle 3 ont assist\u00e9 aux <strong>comm\u00e9morations\u00a0<span class=\"il\">de<\/span> l\u2019Armistice<\/strong>, au Monument aux\u00a0morts fran\u00e7ais du cimeti\u00e8re <span class=\"il\">de<\/span> Montjuic. Ils \u00e9taient en pr\u00e9sence d\u2019anciens Combattants, du Souvenir fran\u00e7ais, d\u2019associations et d\u2019\u00e9l\u00e8ves d\u2019autres \u00e9tablissements fran\u00e7ais et du consul <span class=\"il\">de<\/span> France \u00e0 Barcelone.<\/p>\n\t\t\t\t\t\t\t\t<\/div>\n\t\t\t\t<\/div>\n\t\t\t\t\t<\/div>\n\t\t<\/div>\n\t\t\t\t\t<\/div>\n\t\t<\/section>\n\t\t\t\t<section class=\"elementor-section elementor-top-section elementor-element elementor-element-a9b6cf3 elementor-section-boxed elementor-section-height-default elementor-section-height-default\" data-id=\"a9b6cf3\" data-element_type=\"section\" data-e-type=\"section\">\n\t\t\t\t\t\t<div class=\"elementor-container elementor-column-gap-default\">\n\t\t\t\t\t<div class=\"elementor-column elementor-col-50 elementor-top-column elementor-element elementor-element-cf223b8\" data-id=\"cf223b8\" data-element_type=\"column\" data-e-type=\"column\">\n\t\t\t<div class=\"elementor-widget-wrap elementor-element-populated\">\n\t\t\t\t\t\t<div class=\"elementor-element elementor-element-f2e0634 elementor-widget elementor-widget-image\" data-id=\"f2e0634\" data-element_type=\"widget\" data-e-type=\"widget\" data-widget_type=\"image.default\">\n\t\t\t\t<div class=\"elementor-widget-container\">\n\t\t\t\t\t\t\t\t\t\t\t\t\t\t\t<img fetchpriority=\"high\" decoding=\"async\" width=\"800\" height=\"600\" src=\"https:\/\/www.lesseps.net\/wp-content\/uploads\/2023\/11\/11nov-2-1024x768.jpg\" class=\"attachment-large size-large wp-image-8636\" alt=\"\" srcset=\"https:\/\/www.lesseps.net\/wp-content\/uploads\/2023\/11\/11nov-2-1024x768.jpg 1024w, https:\/\/www.lesseps.net\/wp-content\/uploads\/2023\/11\/11nov-2-300x225.jpg 300w, https:\/\/www.lesseps.net\/wp-content\/uploads\/2023\/11\/11nov-2-768x576.jpg 768w, https:\/\/www.lesseps.net\/wp-content\/uploads\/2023\/11\/11nov-2.jpg 1200w\" sizes=\"(max-width: 800px) 100vw, 800px\" \/>\t\t\t\t\t\t\t\t\t\t\t\t\t\t\t<\/div>\n\t\t\t\t<\/div>\n\t\t\t\t<div class=\"elementor-element elementor-element-61778e0 elementor-widget elementor-widget-text-editor\" data-id=\"61778e0\" data-element_type=\"widget\" data-e-type=\"widget\" data-widget_type=\"text-editor.default\">\n\t\t\t\t<div class=\"elementor-widget-container\">\n\t\t\t\t\t\t\t\t\t<p>Les \u00e9l\u00e8ves tr\u00e8s int\u00e9ress\u00e9s ont pu \u00e9changer avec <strong>d\u2019anciens combattants<\/strong> et d\u00e9poser une gerbe <span class=\"il\">de<\/span> fleurs.<\/p>\n\t\t\t\t\t\t\t\t<\/div>\n\t\t\t\t<\/div>\n\t\t\t\t\t<\/div>\n\t\t<\/div>\n\t\t\t\t<div class=\"elementor-column elementor-col-50 elementor-top-column elementor-element elementor-element-69150d0\" data-id=\"69150d0\" data-element_type=\"column\" data-e-type=\"column\">\n\t\t\t<div class=\"elementor-widget-wrap elementor-element-populated\">\n\t\t\t\t\t\t<div class=\"elementor-element elementor-element-0ef085e elementor-widget elementor-widget-image\" data-id=\"0ef085e\" data-element_type=\"widget\" data-e-type=\"widget\" data-widget_type=\"image.default\">\n\t\t\t\t<div class=\"elementor-widget-container\">\n\t\t\t\t\t\t\t\t\t\t\t\t\t\t\t<img decoding=\"async\" width=\"800\" height=\"600\" src=\"https:\/\/www.lesseps.net\/wp-content\/uploads\/2023\/11\/11nov-3-1024x768.jpg\" class=\"attachment-large size-large wp-image-8632\" alt=\"\" srcset=\"https:\/\/www.lesseps.net\/wp-content\/uploads\/2023\/11\/11nov-3-1024x768.jpg 1024w, https:\/\/www.lesseps.net\/wp-content\/uploads\/2023\/11\/11nov-3-300x225.jpg 300w, https:\/\/www.lesseps.net\/wp-content\/uploads\/2023\/11\/11nov-3-768x576.jpg 768w, https:\/\/www.lesseps.net\/wp-content\/uploads\/2023\/11\/11nov-3.jpg 1200w\" sizes=\"(max-width: 800px) 100vw, 800px\" \/>\t\t\t\t\t\t\t\t\t\t\t\t\t\t\t<\/div>\n\t\t\t\t<\/div>\n\t\t\t\t<div class=\"elementor-element elementor-element-1ddec31 elementor-widget elementor-widget-text-editor\" data-id=\"1ddec31\" data-element_type=\"widget\" data-e-type=\"widget\" data-widget_type=\"text-editor.default\">\n\t\t\t\t<div class=\"elementor-widget-container\">\n\t\t\t\t\t\t\t\t\t<p>Ils avaient pr\u00e9par\u00e9 en classe un <strong>texte sur la paix<\/strong> avec Julien, leur professeur. Une fois le trac surmont\u00e9, ils l\u2019ont lu devant toute l\u2019assembl\u00e9e avec beaucoup <span class=\"il\">de<\/span> ma\u00eetrise\u00a0!<\/p>\n\t\t\t\t\t\t\t\t<\/div>\n\t\t\t\t<\/div>\n\t\t\t\t\t<\/div>\n\t\t<\/div>\n\t\t\t\t\t<\/div>\n\t\t<\/section>\n\t\t\t\t<\/div>\n\t\t","protected":false},"excerpt":{"rendered":"<p>Le 11 novembre, les d\u00e9l\u00e9gu\u00e9es de cycle 3 ont assist\u00e9 aux comm\u00e9morations de l\u2019Armistice, au Monument aux morts fran\u00e7ais du cimeti\u00e8re de Montjuic. Ils \u00e9taient en pr\u00e9sence d\u2019anciens Combattants, du Souvenir fran\u00e7ais, d\u2019associations et d\u2019\u00e9l\u00e8ves d\u2019autres \u00e9tablissements fran\u00e7ais et du consul de France \u00e0 Barcelone.<\/p>\n","protected":false},"author":1,"featured_media":8640,"comment_status":"open","ping_status":"open","sticky":false,"template":"","format":"standard","meta":{"_acf_changed":false,"footnotes":""},"categories":[13,1],"tags":[],"class_list":["post-8645","post","type-post","status-publish","format-standard","has-post-thumbnail","hentry","category-non-classifiee","category-sin-categorizar"],"acf":[],"yoast_head":"<!-- This site is optimized with the Yoast SEO plugin v27.4 - https:\/\/yoast.com\/product\/yoast-seo-wordpress\/ -->\n<title>Les d\u00e9l\u00e9gu\u00e9s du cycle III comm\u00e9morent le 11 novembre - \u00c9cole fran\u00e7aise FERDINAND DE LESSEPS<\/title>\n<meta name=\"robots\" content=\"index, follow, max-snippet:-1, max-image-preview:large, max-video-preview:-1\" \/>\n<link rel=\"canonical\" href=\"https:\/\/www.lesseps.net\/fr\/les-delegues-du-cycle-iii-commemorent-le-11-novembre\/\" \/>\n<meta property=\"og:locale\" content=\"fr_FR\" \/>\n<meta property=\"og:type\" content=\"article\" \/>\n<meta property=\"og:title\" content=\"Les d\u00e9l\u00e9gu\u00e9s du cycle III comm\u00e9morent le 11 novembre - \u00c9cole fran\u00e7aise FERDINAND DE LESSEPS\" \/>\n<meta property=\"og:description\" content=\"Le 11 novembre, les d\u00e9l\u00e9gu\u00e9es de cycle 3 ont assist\u00e9 aux comm\u00e9morations de l\u2019Armistice, au Monument aux morts fran\u00e7ais du cimeti\u00e8re de Montjuic. Ils \u00e9taient en pr\u00e9sence d\u2019anciens Combattants, du Souvenir fran\u00e7ais, d\u2019associations et d\u2019\u00e9l\u00e8ves d\u2019autres \u00e9tablissements fran\u00e7ais et du consul de France \u00e0 Barcelone.\" \/>\n<meta property=\"og:url\" content=\"https:\/\/www.lesseps.net\/fr\/les-delegues-du-cycle-iii-commemorent-le-11-novembre\/\" \/>\n<meta property=\"og:site_name\" content=\"\u00c9cole fran\u00e7aise FERDINAND DE LESSEPS\" \/>\n<meta property=\"article:published_time\" content=\"2023-11-08T17:59:40+00:00\" \/>\n<meta property=\"article:modified_time\" content=\"2023-11-08T18:10:35+00:00\" \/>\n<meta property=\"og:image\" content=\"https:\/\/www.lesseps.net\/wp-content\/uploads\/2023\/11\/11nov-1.jpg\" \/>\n\t<meta property=\"og:image:width\" content=\"1200\" \/>\n\t<meta property=\"og:image:height\" content=\"675\" \/>\n\t<meta property=\"og:image:type\" content=\"image\/jpeg\" \/>\n<meta name=\"author\" content=\"b885c830be\" \/>\n<meta name=\"twitter:card\" content=\"summary_large_image\" \/>\n<meta name=\"twitter:label1\" content=\"\u00c9crit par\" \/>\n\t<meta name=\"twitter:data1\" content=\"b885c830be\" \/>\n\t<meta name=\"twitter:label2\" content=\"Dur\u00e9e de lecture estim\u00e9e\" \/>\n\t<meta name=\"twitter:data2\" content=\"1 minute\" \/>\n<script type=\"application\/ld+json\" class=\"yoast-schema-graph\">{\"@context\":\"https:\\\/\\\/schema.org\",\"@graph\":[{\"@type\":\"Article\",\"@id\":\"https:\\\/\\\/www.lesseps.net\\\/fr\\\/les-delegues-du-cycle-iii-commemorent-le-11-novembre\\\/#article\",\"isPartOf\":{\"@id\":\"https:\\\/\\\/www.lesseps.net\\\/fr\\\/les-delegues-du-cycle-iii-commemorent-le-11-novembre\\\/\"},\"author\":{\"name\":\"b885c830be\",\"@id\":\"https:\\\/\\\/www.lesseps.net\\\/fr\\\/#\\\/schema\\\/person\\\/65b2a0b5d5a551ac52211b86014d1e0b\"},\"headline\":\"Les d\u00e9l\u00e9gu\u00e9s du cycle III comm\u00e9morent le 11 novembre\",\"datePublished\":\"2023-11-08T17:59:40+00:00\",\"dateModified\":\"2023-11-08T18:10:35+00:00\",\"mainEntityOfPage\":{\"@id\":\"https:\\\/\\\/www.lesseps.net\\\/fr\\\/les-delegues-du-cycle-iii-commemorent-le-11-novembre\\\/\"},\"wordCount\":125,\"commentCount\":0,\"publisher\":{\"@id\":\"https:\\\/\\\/www.lesseps.net\\\/fr\\\/#organization\"},\"image\":{\"@id\":\"https:\\\/\\\/www.lesseps.net\\\/fr\\\/les-delegues-du-cycle-iii-commemorent-le-11-novembre\\\/#primaryimage\"},\"thumbnailUrl\":\"https:\\\/\\\/www.lesseps.net\\\/wp-content\\\/uploads\\\/2023\\\/11\\\/11nov-1.jpg\",\"articleSection\":[\"Sans cat\u00e9gorie\",\"Sin categorizar\"],\"inLanguage\":\"fr-FR\",\"potentialAction\":[{\"@type\":\"CommentAction\",\"name\":\"Comment\",\"target\":[\"https:\\\/\\\/www.lesseps.net\\\/fr\\\/les-delegues-du-cycle-iii-commemorent-le-11-novembre\\\/#respond\"]}]},{\"@type\":\"WebPage\",\"@id\":\"https:\\\/\\\/www.lesseps.net\\\/fr\\\/les-delegues-du-cycle-iii-commemorent-le-11-novembre\\\/\",\"url\":\"https:\\\/\\\/www.lesseps.net\\\/fr\\\/les-delegues-du-cycle-iii-commemorent-le-11-novembre\\\/\",\"name\":\"Les d\u00e9l\u00e9gu\u00e9s du cycle III comm\u00e9morent le 11 novembre - \u00c9cole fran\u00e7aise FERDINAND DE LESSEPS\",\"isPartOf\":{\"@id\":\"https:\\\/\\\/www.lesseps.net\\\/fr\\\/#website\"},\"primaryImageOfPage\":{\"@id\":\"https:\\\/\\\/www.lesseps.net\\\/fr\\\/les-delegues-du-cycle-iii-commemorent-le-11-novembre\\\/#primaryimage\"},\"image\":{\"@id\":\"https:\\\/\\\/www.lesseps.net\\\/fr\\\/les-delegues-du-cycle-iii-commemorent-le-11-novembre\\\/#primaryimage\"},\"thumbnailUrl\":\"https:\\\/\\\/www.lesseps.net\\\/wp-content\\\/uploads\\\/2023\\\/11\\\/11nov-1.jpg\",\"datePublished\":\"2023-11-08T17:59:40+00:00\",\"dateModified\":\"2023-11-08T18:10:35+00:00\",\"breadcrumb\":{\"@id\":\"https:\\\/\\\/www.lesseps.net\\\/fr\\\/les-delegues-du-cycle-iii-commemorent-le-11-novembre\\\/#breadcrumb\"},\"inLanguage\":\"fr-FR\",\"potentialAction\":[{\"@type\":\"ReadAction\",\"target\":[\"https:\\\/\\\/www.lesseps.net\\\/fr\\\/les-delegues-du-cycle-iii-commemorent-le-11-novembre\\\/\"]}]},{\"@type\":\"ImageObject\",\"inLanguage\":\"fr-FR\",\"@id\":\"https:\\\/\\\/www.lesseps.net\\\/fr\\\/les-delegues-du-cycle-iii-commemorent-le-11-novembre\\\/#primaryimage\",\"url\":\"https:\\\/\\\/www.lesseps.net\\\/wp-content\\\/uploads\\\/2023\\\/11\\\/11nov-1.jpg\",\"contentUrl\":\"https:\\\/\\\/www.lesseps.net\\\/wp-content\\\/uploads\\\/2023\\\/11\\\/11nov-1.jpg\",\"width\":1200,\"height\":675,\"caption\":\"Los delegados del ciclo III conmemoran el 11 de noviembre\"},{\"@type\":\"BreadcrumbList\",\"@id\":\"https:\\\/\\\/www.lesseps.net\\\/fr\\\/les-delegues-du-cycle-iii-commemorent-le-11-novembre\\\/#breadcrumb\",\"itemListElement\":[{\"@type\":\"ListItem\",\"position\":1,\"name\":\"Portada\",\"item\":\"https:\\\/\\\/www.lesseps.net\\\/fr\\\/\"},{\"@type\":\"ListItem\",\"position\":2,\"name\":\"Les d\u00e9l\u00e9gu\u00e9s du cycle III comm\u00e9morent le 11 novembre\"}]},{\"@type\":\"WebSite\",\"@id\":\"https:\\\/\\\/www.lesseps.net\\\/fr\\\/#website\",\"url\":\"https:\\\/\\\/www.lesseps.net\\\/fr\\\/\",\"name\":\"\u00c9cole fran\u00e7aise FERDINAND DE LESSEPS\",\"description\":\"Barcelona\",\"publisher\":{\"@id\":\"https:\\\/\\\/www.lesseps.net\\\/fr\\\/#organization\"},\"potentialAction\":[{\"@type\":\"SearchAction\",\"target\":{\"@type\":\"EntryPoint\",\"urlTemplate\":\"https:\\\/\\\/www.lesseps.net\\\/fr\\\/?s={search_term_string}\"},\"query-input\":{\"@type\":\"PropertyValueSpecification\",\"valueRequired\":true,\"valueName\":\"search_term_string\"}}],\"inLanguage\":\"fr-FR\"},{\"@type\":\"Organization\",\"@id\":\"https:\\\/\\\/www.lesseps.net\\\/fr\\\/#organization\",\"name\":\"\u00c9cole fran\u00e7aise FERDINAND DE LESSEPS\",\"url\":\"https:\\\/\\\/www.lesseps.net\\\/fr\\\/\",\"logo\":{\"@type\":\"ImageObject\",\"inLanguage\":\"fr-FR\",\"@id\":\"https:\\\/\\\/www.lesseps.net\\\/fr\\\/#\\\/schema\\\/logo\\\/image\\\/\",\"url\":\"https:\\\/\\\/www.lesseps.net\\\/wp-content\\\/uploads\\\/2023\\\/02\\\/ecole-francaise-ferniand-de-lesseps.svg\",\"contentUrl\":\"https:\\\/\\\/www.lesseps.net\\\/wp-content\\\/uploads\\\/2023\\\/02\\\/ecole-francaise-ferniand-de-lesseps.svg\",\"caption\":\"\u00c9cole fran\u00e7aise FERDINAND DE LESSEPS\"},\"image\":{\"@id\":\"https:\\\/\\\/www.lesseps.net\\\/fr\\\/#\\\/schema\\\/logo\\\/image\\\/\"},\"sameAs\":[\"https:\\\/\\\/www.instagram.com\\\/ecole.lesseps.barcelone\\\/\",\"https:\\\/\\\/vimeo.com\\\/channels\\\/1305370\",\"https:\\\/\\\/soundcloud.com\\\/lecole-2\"]},{\"@type\":\"Person\",\"@id\":\"https:\\\/\\\/www.lesseps.net\\\/fr\\\/#\\\/schema\\\/person\\\/65b2a0b5d5a551ac52211b86014d1e0b\",\"name\":\"b885c830be\",\"image\":{\"@type\":\"ImageObject\",\"inLanguage\":\"fr-FR\",\"@id\":\"https:\\\/\\\/secure.gravatar.com\\\/avatar\\\/41cf099fc19fcd9e0edaa3c335c60c6eb87ee9ec89fa5c0e24a030cb4da1fdea?s=96&d=mm&r=g\",\"url\":\"https:\\\/\\\/secure.gravatar.com\\\/avatar\\\/41cf099fc19fcd9e0edaa3c335c60c6eb87ee9ec89fa5c0e24a030cb4da1fdea?s=96&d=mm&r=g\",\"contentUrl\":\"https:\\\/\\\/secure.gravatar.com\\\/avatar\\\/41cf099fc19fcd9e0edaa3c335c60c6eb87ee9ec89fa5c0e24a030cb4da1fdea?s=96&d=mm&r=g\",\"caption\":\"b885c830be\"},\"sameAs\":[\"https:\\\/\\\/www.lesseps.net\\\/newsite\"]}]}<\/script>\n<!-- \/ Yoast SEO plugin. -->","yoast_head_json":{"title":"Les d\u00e9l\u00e9gu\u00e9s du cycle III comm\u00e9morent le 11 novembre - \u00c9cole fran\u00e7aise FERDINAND DE LESSEPS","robots":{"index":"index","follow":"follow","max-snippet":"max-snippet:-1","max-image-preview":"max-image-preview:large","max-video-preview":"max-video-preview:-1"},"canonical":"https:\/\/www.lesseps.net\/fr\/les-delegues-du-cycle-iii-commemorent-le-11-novembre\/","og_locale":"fr_FR","og_type":"article","og_title":"Les d\u00e9l\u00e9gu\u00e9s du cycle III comm\u00e9morent le 11 novembre - \u00c9cole fran\u00e7aise FERDINAND DE LESSEPS","og_description":"Le 11 novembre, les d\u00e9l\u00e9gu\u00e9es de cycle 3 ont assist\u00e9 aux comm\u00e9morations de l\u2019Armistice, au Monument aux morts fran\u00e7ais du cimeti\u00e8re de Montjuic. Ils \u00e9taient en pr\u00e9sence d\u2019anciens Combattants, du Souvenir fran\u00e7ais, d\u2019associations et d\u2019\u00e9l\u00e8ves d\u2019autres \u00e9tablissements fran\u00e7ais et du consul de France \u00e0 Barcelone.","og_url":"https:\/\/www.lesseps.net\/fr\/les-delegues-du-cycle-iii-commemorent-le-11-novembre\/","og_site_name":"\u00c9cole fran\u00e7aise FERDINAND DE LESSEPS","article_published_time":"2023-11-08T17:59:40+00:00","article_modified_time":"2023-11-08T18:10:35+00:00","og_image":[{"width":1200,"height":675,"url":"https:\/\/www.lesseps.net\/wp-content\/uploads\/2023\/11\/11nov-1.jpg","type":"image\/jpeg"}],"author":"b885c830be","twitter_card":"summary_large_image","twitter_misc":{"\u00c9crit par":"b885c830be","Dur\u00e9e de lecture estim\u00e9e":"1 minute"},"schema":{"@context":"https:\/\/schema.org","@graph":[{"@type":"Article","@id":"https:\/\/www.lesseps.net\/fr\/les-delegues-du-cycle-iii-commemorent-le-11-novembre\/#article","isPartOf":{"@id":"https:\/\/www.lesseps.net\/fr\/les-delegues-du-cycle-iii-commemorent-le-11-novembre\/"},"author":{"name":"b885c830be","@id":"https:\/\/www.lesseps.net\/fr\/#\/schema\/person\/65b2a0b5d5a551ac52211b86014d1e0b"},"headline":"Les d\u00e9l\u00e9gu\u00e9s du cycle III comm\u00e9morent le 11 novembre","datePublished":"2023-11-08T17:59:40+00:00","dateModified":"2023-11-08T18:10:35+00:00","mainEntityOfPage":{"@id":"https:\/\/www.lesseps.net\/fr\/les-delegues-du-cycle-iii-commemorent-le-11-novembre\/"},"wordCount":125,"commentCount":0,"publisher":{"@id":"https:\/\/www.lesseps.net\/fr\/#organization"},"image":{"@id":"https:\/\/www.lesseps.net\/fr\/les-delegues-du-cycle-iii-commemorent-le-11-novembre\/#primaryimage"},"thumbnailUrl":"https:\/\/www.lesseps.net\/wp-content\/uploads\/2023\/11\/11nov-1.jpg","articleSection":["Sans cat\u00e9gorie","Sin categorizar"],"inLanguage":"fr-FR","potentialAction":[{"@type":"CommentAction","name":"Comment","target":["https:\/\/www.lesseps.net\/fr\/les-delegues-du-cycle-iii-commemorent-le-11-novembre\/#respond"]}]},{"@type":"WebPage","@id":"https:\/\/www.lesseps.net\/fr\/les-delegues-du-cycle-iii-commemorent-le-11-novembre\/","url":"https:\/\/www.lesseps.net\/fr\/les-delegues-du-cycle-iii-commemorent-le-11-novembre\/","name":"Les d\u00e9l\u00e9gu\u00e9s du cycle III comm\u00e9morent le 11 novembre - \u00c9cole fran\u00e7aise FERDINAND DE LESSEPS","isPartOf":{"@id":"https:\/\/www.lesseps.net\/fr\/#website"},"primaryImageOfPage":{"@id":"https:\/\/www.lesseps.net\/fr\/les-delegues-du-cycle-iii-commemorent-le-11-novembre\/#primaryimage"},"image":{"@id":"https:\/\/www.lesseps.net\/fr\/les-delegues-du-cycle-iii-commemorent-le-11-novembre\/#primaryimage"},"thumbnailUrl":"https:\/\/www.lesseps.net\/wp-content\/uploads\/2023\/11\/11nov-1.jpg","datePublished":"2023-11-08T17:59:40+00:00","dateModified":"2023-11-08T18:10:35+00:00","breadcrumb":{"@id":"https:\/\/www.lesseps.net\/fr\/les-delegues-du-cycle-iii-commemorent-le-11-novembre\/#breadcrumb"},"inLanguage":"fr-FR","potentialAction":[{"@type":"ReadAction","target":["https:\/\/www.lesseps.net\/fr\/les-delegues-du-cycle-iii-commemorent-le-11-novembre\/"]}]},{"@type":"ImageObject","inLanguage":"fr-FR","@id":"https:\/\/www.lesseps.net\/fr\/les-delegues-du-cycle-iii-commemorent-le-11-novembre\/#primaryimage","url":"https:\/\/www.lesseps.net\/wp-content\/uploads\/2023\/11\/11nov-1.jpg","contentUrl":"https:\/\/www.lesseps.net\/wp-content\/uploads\/2023\/11\/11nov-1.jpg","width":1200,"height":675,"caption":"Los delegados del ciclo III conmemoran el 11 de noviembre"},{"@type":"BreadcrumbList","@id":"https:\/\/www.lesseps.net\/fr\/les-delegues-du-cycle-iii-commemorent-le-11-novembre\/#breadcrumb","itemListElement":[{"@type":"ListItem","position":1,"name":"Portada","item":"https:\/\/www.lesseps.net\/fr\/"},{"@type":"ListItem","position":2,"name":"Les d\u00e9l\u00e9gu\u00e9s du cycle III comm\u00e9morent le 11 novembre"}]},{"@type":"WebSite","@id":"https:\/\/www.lesseps.net\/fr\/#website","url":"https:\/\/www.lesseps.net\/fr\/","name":"\u00c9cole fran\u00e7aise FERDINAND DE LESSEPS","description":"Barcelona","publisher":{"@id":"https:\/\/www.lesseps.net\/fr\/#organization"},"potentialAction":[{"@type":"SearchAction","target":{"@type":"EntryPoint","urlTemplate":"https:\/\/www.lesseps.net\/fr\/?s={search_term_string}"},"query-input":{"@type":"PropertyValueSpecification","valueRequired":true,"valueName":"search_term_string"}}],"inLanguage":"fr-FR"},{"@type":"Organization","@id":"https:\/\/www.lesseps.net\/fr\/#organization","name":"\u00c9cole fran\u00e7aise FERDINAND DE LESSEPS","url":"https:\/\/www.lesseps.net\/fr\/","logo":{"@type":"ImageObject","inLanguage":"fr-FR","@id":"https:\/\/www.lesseps.net\/fr\/#\/schema\/logo\/image\/","url":"https:\/\/www.lesseps.net\/wp-content\/uploads\/2023\/02\/ecole-francaise-ferniand-de-lesseps.svg","contentUrl":"https:\/\/www.lesseps.net\/wp-content\/uploads\/2023\/02\/ecole-francaise-ferniand-de-lesseps.svg","caption":"\u00c9cole fran\u00e7aise FERDINAND DE LESSEPS"},"image":{"@id":"https:\/\/www.lesseps.net\/fr\/#\/schema\/logo\/image\/"},"sameAs":["https:\/\/www.instagram.com\/ecole.lesseps.barcelone\/","https:\/\/vimeo.com\/channels\/1305370","https:\/\/soundcloud.com\/lecole-2"]},{"@type":"Person","@id":"https:\/\/www.lesseps.net\/fr\/#\/schema\/person\/65b2a0b5d5a551ac52211b86014d1e0b","name":"b885c830be","image":{"@type":"ImageObject","inLanguage":"fr-FR","@id":"https:\/\/secure.gravatar.com\/avatar\/41cf099fc19fcd9e0edaa3c335c60c6eb87ee9ec89fa5c0e24a030cb4da1fdea?s=96&d=mm&r=g","url":"https:\/\/secure.gravatar.com\/avatar\/41cf099fc19fcd9e0edaa3c335c60c6eb87ee9ec89fa5c0e24a030cb4da1fdea?s=96&d=mm&r=g","contentUrl":"https:\/\/secure.gravatar.com\/avatar\/41cf099fc19fcd9e0edaa3c335c60c6eb87ee9ec89fa5c0e24a030cb4da1fdea?s=96&d=mm&r=g","caption":"b885c830be"},"sameAs":["https:\/\/www.lesseps.net\/newsite"]}]}},"_links":{"self":[{"href":"https:\/\/www.lesseps.net\/fr\/wp-json\/wp\/v2\/posts\/8645","targetHints":{"allow":["GET"]}}],"collection":[{"href":"https:\/\/www.lesseps.net\/fr\/wp-json\/wp\/v2\/posts"}],"about":[{"href":"https:\/\/www.lesseps.net\/fr\/wp-json\/wp\/v2\/types\/post"}],"author":[{"embeddable":true,"href":"https:\/\/www.lesseps.net\/fr\/wp-json\/wp\/v2\/users\/1"}],"replies":[{"embeddable":true,"href":"https:\/\/www.lesseps.net\/fr\/wp-json\/wp\/v2\/comments?post=8645"}],"version-history":[{"count":0,"href":"https:\/\/www.lesseps.net\/fr\/wp-json\/wp\/v2\/posts\/8645\/revisions"}],"wp:featuredmedia":[{"embeddable":true,"href":"https:\/\/www.lesseps.net\/fr\/wp-json\/wp\/v2\/media\/8640"}],"wp:attachment":[{"href":"https:\/\/www.lesseps.net\/fr\/wp-json\/wp\/v2\/media?parent=8645"}],"wp:term":[{"taxonomy":"category","embeddable":true,"href":"https:\/\/www.lesseps.net\/fr\/wp-json\/wp\/v2\/categories?post=8645"},{"taxonomy":"post_tag","embeddable":true,"href":"https:\/\/www.lesseps.net\/fr\/wp-json\/wp\/v2\/tags?post=8645"}],"curies":[{"name":"wp","href":"https:\/\/api.w.org\/{rel}","templated":true}]}}