{"id":8661,"date":"2023-11-08T19:06:12","date_gmt":"2023-11-08T18:06:12","guid":{"rendered":"https:\/\/www.lesseps.net\/de-la-magie-dans-lair\/"},"modified":"2023-11-08T19:10:21","modified_gmt":"2023-11-08T18:10:21","slug":"de-la-magie-dans-lair","status":"publish","type":"post","link":"https:\/\/www.lesseps.net\/fr\/de-la-magie-dans-lair\/","title":{"rendered":"De la magie dans l&rsquo;air"},"content":{"rendered":"\t\t<div data-elementor-type=\"wp-post\" data-elementor-id=\"8661\" class=\"elementor elementor-8661 elementor-8648\" data-elementor-post-type=\"post\">\n\t\t\t\t\t\t<section class=\"elementor-section elementor-top-section elementor-element elementor-element-7937bed elementor-section-boxed elementor-section-height-default elementor-section-height-default\" data-id=\"7937bed\" data-element_type=\"section\" data-e-type=\"section\">\n\t\t\t\t\t\t<div class=\"elementor-container elementor-column-gap-default\">\n\t\t\t\t\t<div class=\"elementor-column elementor-col-100 elementor-top-column elementor-element elementor-element-3ceb6864\" data-id=\"3ceb6864\" data-element_type=\"column\" data-e-type=\"column\">\n\t\t\t<div class=\"elementor-widget-wrap elementor-element-populated\">\n\t\t\t\t\t\t<div class=\"elementor-element elementor-element-1dc92a03 elementor-widget elementor-widget-text-editor\" data-id=\"1dc92a03\" data-element_type=\"widget\" data-e-type=\"widget\" data-widget_type=\"text-editor.default\">\n\t\t\t\t<div class=\"elementor-widget-container\">\n\t\t\t\t\t\t\t\t\tDurant l\u2019heure <span class=\"il\">de<\/span> Catalan, des CE2 ont eu droit \u00e0 une surprise\u00a0: Aleix Vilar\u00f3, le\u00a0<strong>chef\/magicien<\/strong> \u00e0 l\u2019\u00e9cole\u00a0! Un atelier <span class=\"il\">de<\/span> cuisine saine\u00a0accompagn\u00e9\u00a0d\u2019un petit d\u00e9jeuner a enchant\u00e9 les curieux.\r\nLe chef a effectu\u00e9 des <strong>tours <span class=\"il\">de<\/span> magie<\/strong> spectaculaires et tout le monde s\u2019est r\u00e9gal\u00e9 avec une d\u00e9gustation <span class=\"il\">de<\/span> fruits frais \u2026\t\t\t\t\t\t\t\t<\/div>\n\t\t\t\t<\/div>\n\t\t\t\t<div class=\"elementor-element elementor-element-2a57fa0 gallery-spacing-custom elementor-widget elementor-widget-image-gallery\" data-id=\"2a57fa0\" data-element_type=\"widget\" data-e-type=\"widget\" data-widget_type=\"image-gallery.default\">\n\t\t\t\t<div class=\"elementor-widget-container\">\n\t\t\t\t\t\t\t<div class=\"elementor-image-gallery\">\n\t\t\t<div id='gallery-1' class='gallery galleryid-8661 gallery-columns-2 gallery-size-medium_large'><figure class='gallery-item'>\n\t\t\t<div class='gallery-icon landscape'>\n\t\t\t\t<img fetchpriority=\"high\" width=\"750\" height=\"563\" src=\"https:\/\/www.lesseps.net\/wp-content\/uploads\/2023\/11\/magia.jpg\" class=\"attachment-medium_large size-medium_large\" alt=\"Magia en el aire\" decoding=\"async\" srcset=\"https:\/\/www.lesseps.net\/wp-content\/uploads\/2023\/11\/magia.jpg 750w, https:\/\/www.lesseps.net\/wp-content\/uploads\/2023\/11\/magia-300x225.jpg 300w\" sizes=\"(max-width: 750px) 100vw, 750px\" \/>\n\t\t\t<\/div><\/figure><figure class='gallery-item'>\n\t\t\t<div class='gallery-icon landscape'>\n\t\t\t\t<img width=\"768\" height=\"576\" src=\"https:\/\/www.lesseps.net\/wp-content\/uploads\/2023\/11\/magia-2-768x576.jpg\" class=\"attachment-medium_large size-medium_large\" alt=\"Magia en el aire\" decoding=\"async\" srcset=\"https:\/\/www.lesseps.net\/wp-content\/uploads\/2023\/11\/magia-2-768x576.jpg 768w, https:\/\/www.lesseps.net\/wp-content\/uploads\/2023\/11\/magia-2-300x225.jpg 300w, https:\/\/www.lesseps.net\/wp-content\/uploads\/2023\/11\/magia-2.jpg 796w\" sizes=\"(max-width: 768px) 100vw, 768px\" \/>\n\t\t\t<\/div><\/figure>\n\t\t<\/div>\n\t\t<\/div>\n\t\t\t\t\t\t<\/div>\n\t\t\t\t<\/div>\n\t\t\t\t\t<\/div>\n\t\t<\/div>\n\t\t\t\t\t<\/div>\n\t\t<\/section>\n\t\t\t\t<\/div>\n\t\t","protected":false},"excerpt":{"rendered":"<p>Durant l\u2019heure de Catalan, des CE2 ont eu droit \u00e0 une surprise : Aleix Vilar\u00f3, le chef\/magicien \u00e0 l\u2019\u00e9cole ! Un atelier de cuisine saine accompagn\u00e9 d\u2019un petit d\u00e9jeuner a enchant\u00e9 les curieux.<\/p>\n","protected":false},"author":1,"featured_media":8657,"comment_status":"open","ping_status":"open","sticky":false,"template":"","format":"standard","meta":{"_acf_changed":false,"footnotes":""},"categories":[13],"tags":[],"class_list":["post-8661","post","type-post","status-publish","format-standard","has-post-thumbnail","hentry","category-non-classifiee"],"acf":[],"yoast_head":"<!-- This site is optimized with the Yoast SEO plugin v27.4 - https:\/\/yoast.com\/product\/yoast-seo-wordpress\/ -->\n<title>De la magie dans l&#039;air - \u00c9cole fran\u00e7aise FERDINAND DE LESSEPS<\/title>\n<meta name=\"robots\" content=\"index, follow, max-snippet:-1, max-image-preview:large, max-video-preview:-1\" \/>\n<link rel=\"canonical\" href=\"https:\/\/www.lesseps.net\/fr\/de-la-magie-dans-lair\/\" \/>\n<meta property=\"og:locale\" content=\"fr_FR\" \/>\n<meta property=\"og:type\" content=\"article\" \/>\n<meta property=\"og:title\" content=\"De la magie dans l&#039;air - \u00c9cole fran\u00e7aise FERDINAND DE LESSEPS\" \/>\n<meta property=\"og:description\" content=\"Durant l\u2019heure de Catalan, des CE2 ont eu droit \u00e0 une surprise : Aleix Vilar\u00f3, le chef\/magicien \u00e0 l\u2019\u00e9cole ! Un atelier de cuisine saine accompagn\u00e9 d\u2019un petit d\u00e9jeuner a enchant\u00e9 les curieux.\" \/>\n<meta property=\"og:url\" content=\"https:\/\/www.lesseps.net\/fr\/de-la-magie-dans-lair\/\" \/>\n<meta property=\"og:site_name\" content=\"\u00c9cole fran\u00e7aise FERDINAND DE LESSEPS\" \/>\n<meta property=\"article:published_time\" content=\"2023-11-08T18:06:12+00:00\" \/>\n<meta property=\"article:modified_time\" content=\"2023-11-08T18:10:21+00:00\" \/>\n<meta property=\"og:image\" content=\"https:\/\/www.lesseps.net\/wp-content\/uploads\/2023\/11\/magia-2.jpg\" \/>\n\t<meta property=\"og:image:width\" content=\"796\" \/>\n\t<meta property=\"og:image:height\" content=\"597\" \/>\n\t<meta property=\"og:image:type\" content=\"image\/jpeg\" \/>\n<meta name=\"author\" content=\"b885c830be\" \/>\n<meta name=\"twitter:card\" content=\"summary_large_image\" \/>\n<meta name=\"twitter:label1\" content=\"\u00c9crit par\" \/>\n\t<meta name=\"twitter:data1\" content=\"b885c830be\" \/>\n<script type=\"application\/ld+json\" class=\"yoast-schema-graph\">{\"@context\":\"https:\\\/\\\/schema.org\",\"@graph\":[{\"@type\":\"Article\",\"@id\":\"https:\\\/\\\/www.lesseps.net\\\/fr\\\/de-la-magie-dans-lair\\\/#article\",\"isPartOf\":{\"@id\":\"https:\\\/\\\/www.lesseps.net\\\/fr\\\/de-la-magie-dans-lair\\\/\"},\"author\":{\"name\":\"b885c830be\",\"@id\":\"https:\\\/\\\/www.lesseps.net\\\/fr\\\/#\\\/schema\\\/person\\\/65b2a0b5d5a551ac52211b86014d1e0b\"},\"headline\":\"De la magie dans l&rsquo;air\",\"datePublished\":\"2023-11-08T18:06:12+00:00\",\"dateModified\":\"2023-11-08T18:10:21+00:00\",\"mainEntityOfPage\":{\"@id\":\"https:\\\/\\\/www.lesseps.net\\\/fr\\\/de-la-magie-dans-lair\\\/\"},\"wordCount\":64,\"commentCount\":0,\"publisher\":{\"@id\":\"https:\\\/\\\/www.lesseps.net\\\/fr\\\/#organization\"},\"image\":{\"@id\":\"https:\\\/\\\/www.lesseps.net\\\/fr\\\/de-la-magie-dans-lair\\\/#primaryimage\"},\"thumbnailUrl\":\"https:\\\/\\\/www.lesseps.net\\\/wp-content\\\/uploads\\\/2023\\\/11\\\/magia-2.jpg\",\"articleSection\":[\"Sans cat\u00e9gorie\"],\"inLanguage\":\"fr-FR\",\"potentialAction\":[{\"@type\":\"CommentAction\",\"name\":\"Comment\",\"target\":[\"https:\\\/\\\/www.lesseps.net\\\/fr\\\/de-la-magie-dans-lair\\\/#respond\"]}]},{\"@type\":\"WebPage\",\"@id\":\"https:\\\/\\\/www.lesseps.net\\\/fr\\\/de-la-magie-dans-lair\\\/\",\"url\":\"https:\\\/\\\/www.lesseps.net\\\/fr\\\/de-la-magie-dans-lair\\\/\",\"name\":\"De la magie dans l'air - \u00c9cole fran\u00e7aise FERDINAND DE LESSEPS\",\"isPartOf\":{\"@id\":\"https:\\\/\\\/www.lesseps.net\\\/fr\\\/#website\"},\"primaryImageOfPage\":{\"@id\":\"https:\\\/\\\/www.lesseps.net\\\/fr\\\/de-la-magie-dans-lair\\\/#primaryimage\"},\"image\":{\"@id\":\"https:\\\/\\\/www.lesseps.net\\\/fr\\\/de-la-magie-dans-lair\\\/#primaryimage\"},\"thumbnailUrl\":\"https:\\\/\\\/www.lesseps.net\\\/wp-content\\\/uploads\\\/2023\\\/11\\\/magia-2.jpg\",\"datePublished\":\"2023-11-08T18:06:12+00:00\",\"dateModified\":\"2023-11-08T18:10:21+00:00\",\"breadcrumb\":{\"@id\":\"https:\\\/\\\/www.lesseps.net\\\/fr\\\/de-la-magie-dans-lair\\\/#breadcrumb\"},\"inLanguage\":\"fr-FR\",\"potentialAction\":[{\"@type\":\"ReadAction\",\"target\":[\"https:\\\/\\\/www.lesseps.net\\\/fr\\\/de-la-magie-dans-lair\\\/\"]}]},{\"@type\":\"ImageObject\",\"inLanguage\":\"fr-FR\",\"@id\":\"https:\\\/\\\/www.lesseps.net\\\/fr\\\/de-la-magie-dans-lair\\\/#primaryimage\",\"url\":\"https:\\\/\\\/www.lesseps.net\\\/wp-content\\\/uploads\\\/2023\\\/11\\\/magia-2.jpg\",\"contentUrl\":\"https:\\\/\\\/www.lesseps.net\\\/wp-content\\\/uploads\\\/2023\\\/11\\\/magia-2.jpg\",\"width\":796,\"height\":597,\"caption\":\"Magia en el aire\"},{\"@type\":\"BreadcrumbList\",\"@id\":\"https:\\\/\\\/www.lesseps.net\\\/fr\\\/de-la-magie-dans-lair\\\/#breadcrumb\",\"itemListElement\":[{\"@type\":\"ListItem\",\"position\":1,\"name\":\"Portada\",\"item\":\"https:\\\/\\\/www.lesseps.net\\\/fr\\\/\"},{\"@type\":\"ListItem\",\"position\":2,\"name\":\"De la magie dans l&rsquo;air\"}]},{\"@type\":\"WebSite\",\"@id\":\"https:\\\/\\\/www.lesseps.net\\\/fr\\\/#website\",\"url\":\"https:\\\/\\\/www.lesseps.net\\\/fr\\\/\",\"name\":\"\u00c9cole fran\u00e7aise FERDINAND DE LESSEPS\",\"description\":\"Barcelona\",\"publisher\":{\"@id\":\"https:\\\/\\\/www.lesseps.net\\\/fr\\\/#organization\"},\"potentialAction\":[{\"@type\":\"SearchAction\",\"target\":{\"@type\":\"EntryPoint\",\"urlTemplate\":\"https:\\\/\\\/www.lesseps.net\\\/fr\\\/?s={search_term_string}\"},\"query-input\":{\"@type\":\"PropertyValueSpecification\",\"valueRequired\":true,\"valueName\":\"search_term_string\"}}],\"inLanguage\":\"fr-FR\"},{\"@type\":\"Organization\",\"@id\":\"https:\\\/\\\/www.lesseps.net\\\/fr\\\/#organization\",\"name\":\"\u00c9cole fran\u00e7aise FERDINAND DE LESSEPS\",\"url\":\"https:\\\/\\\/www.lesseps.net\\\/fr\\\/\",\"logo\":{\"@type\":\"ImageObject\",\"inLanguage\":\"fr-FR\",\"@id\":\"https:\\\/\\\/www.lesseps.net\\\/fr\\\/#\\\/schema\\\/logo\\\/image\\\/\",\"url\":\"https:\\\/\\\/www.lesseps.net\\\/wp-content\\\/uploads\\\/2023\\\/02\\\/ecole-francaise-ferniand-de-lesseps.svg\",\"contentUrl\":\"https:\\\/\\\/www.lesseps.net\\\/wp-content\\\/uploads\\\/2023\\\/02\\\/ecole-francaise-ferniand-de-lesseps.svg\",\"caption\":\"\u00c9cole fran\u00e7aise FERDINAND DE LESSEPS\"},\"image\":{\"@id\":\"https:\\\/\\\/www.lesseps.net\\\/fr\\\/#\\\/schema\\\/logo\\\/image\\\/\"},\"sameAs\":[\"https:\\\/\\\/www.instagram.com\\\/ecole.lesseps.barcelone\\\/\",\"https:\\\/\\\/vimeo.com\\\/channels\\\/1305370\",\"https:\\\/\\\/soundcloud.com\\\/lecole-2\"]},{\"@type\":\"Person\",\"@id\":\"https:\\\/\\\/www.lesseps.net\\\/fr\\\/#\\\/schema\\\/person\\\/65b2a0b5d5a551ac52211b86014d1e0b\",\"name\":\"b885c830be\",\"image\":{\"@type\":\"ImageObject\",\"inLanguage\":\"fr-FR\",\"@id\":\"https:\\\/\\\/secure.gravatar.com\\\/avatar\\\/41cf099fc19fcd9e0edaa3c335c60c6eb87ee9ec89fa5c0e24a030cb4da1fdea?s=96&d=mm&r=g\",\"url\":\"https:\\\/\\\/secure.gravatar.com\\\/avatar\\\/41cf099fc19fcd9e0edaa3c335c60c6eb87ee9ec89fa5c0e24a030cb4da1fdea?s=96&d=mm&r=g\",\"contentUrl\":\"https:\\\/\\\/secure.gravatar.com\\\/avatar\\\/41cf099fc19fcd9e0edaa3c335c60c6eb87ee9ec89fa5c0e24a030cb4da1fdea?s=96&d=mm&r=g\",\"caption\":\"b885c830be\"},\"sameAs\":[\"https:\\\/\\\/www.lesseps.net\\\/newsite\"]}]}<\/script>\n<!-- \/ Yoast SEO plugin. -->","yoast_head_json":{"title":"De la magie dans l'air - \u00c9cole fran\u00e7aise FERDINAND DE LESSEPS","robots":{"index":"index","follow":"follow","max-snippet":"max-snippet:-1","max-image-preview":"max-image-preview:large","max-video-preview":"max-video-preview:-1"},"canonical":"https:\/\/www.lesseps.net\/fr\/de-la-magie-dans-lair\/","og_locale":"fr_FR","og_type":"article","og_title":"De la magie dans l'air - \u00c9cole fran\u00e7aise FERDINAND DE LESSEPS","og_description":"Durant l\u2019heure de Catalan, des CE2 ont eu droit \u00e0 une surprise : Aleix Vilar\u00f3, le chef\/magicien \u00e0 l\u2019\u00e9cole ! Un atelier de cuisine saine accompagn\u00e9 d\u2019un petit d\u00e9jeuner a enchant\u00e9 les curieux.","og_url":"https:\/\/www.lesseps.net\/fr\/de-la-magie-dans-lair\/","og_site_name":"\u00c9cole fran\u00e7aise FERDINAND DE LESSEPS","article_published_time":"2023-11-08T18:06:12+00:00","article_modified_time":"2023-11-08T18:10:21+00:00","og_image":[{"width":796,"height":597,"url":"https:\/\/www.lesseps.net\/wp-content\/uploads\/2023\/11\/magia-2.jpg","type":"image\/jpeg"}],"author":"b885c830be","twitter_card":"summary_large_image","twitter_misc":{"\u00c9crit par":"b885c830be"},"schema":{"@context":"https:\/\/schema.org","@graph":[{"@type":"Article","@id":"https:\/\/www.lesseps.net\/fr\/de-la-magie-dans-lair\/#article","isPartOf":{"@id":"https:\/\/www.lesseps.net\/fr\/de-la-magie-dans-lair\/"},"author":{"name":"b885c830be","@id":"https:\/\/www.lesseps.net\/fr\/#\/schema\/person\/65b2a0b5d5a551ac52211b86014d1e0b"},"headline":"De la magie dans l&rsquo;air","datePublished":"2023-11-08T18:06:12+00:00","dateModified":"2023-11-08T18:10:21+00:00","mainEntityOfPage":{"@id":"https:\/\/www.lesseps.net\/fr\/de-la-magie-dans-lair\/"},"wordCount":64,"commentCount":0,"publisher":{"@id":"https:\/\/www.lesseps.net\/fr\/#organization"},"image":{"@id":"https:\/\/www.lesseps.net\/fr\/de-la-magie-dans-lair\/#primaryimage"},"thumbnailUrl":"https:\/\/www.lesseps.net\/wp-content\/uploads\/2023\/11\/magia-2.jpg","articleSection":["Sans cat\u00e9gorie"],"inLanguage":"fr-FR","potentialAction":[{"@type":"CommentAction","name":"Comment","target":["https:\/\/www.lesseps.net\/fr\/de-la-magie-dans-lair\/#respond"]}]},{"@type":"WebPage","@id":"https:\/\/www.lesseps.net\/fr\/de-la-magie-dans-lair\/","url":"https:\/\/www.lesseps.net\/fr\/de-la-magie-dans-lair\/","name":"De la magie dans l'air - \u00c9cole fran\u00e7aise FERDINAND DE LESSEPS","isPartOf":{"@id":"https:\/\/www.lesseps.net\/fr\/#website"},"primaryImageOfPage":{"@id":"https:\/\/www.lesseps.net\/fr\/de-la-magie-dans-lair\/#primaryimage"},"image":{"@id":"https:\/\/www.lesseps.net\/fr\/de-la-magie-dans-lair\/#primaryimage"},"thumbnailUrl":"https:\/\/www.lesseps.net\/wp-content\/uploads\/2023\/11\/magia-2.jpg","datePublished":"2023-11-08T18:06:12+00:00","dateModified":"2023-11-08T18:10:21+00:00","breadcrumb":{"@id":"https:\/\/www.lesseps.net\/fr\/de-la-magie-dans-lair\/#breadcrumb"},"inLanguage":"fr-FR","potentialAction":[{"@type":"ReadAction","target":["https:\/\/www.lesseps.net\/fr\/de-la-magie-dans-lair\/"]}]},{"@type":"ImageObject","inLanguage":"fr-FR","@id":"https:\/\/www.lesseps.net\/fr\/de-la-magie-dans-lair\/#primaryimage","url":"https:\/\/www.lesseps.net\/wp-content\/uploads\/2023\/11\/magia-2.jpg","contentUrl":"https:\/\/www.lesseps.net\/wp-content\/uploads\/2023\/11\/magia-2.jpg","width":796,"height":597,"caption":"Magia en el aire"},{"@type":"BreadcrumbList","@id":"https:\/\/www.lesseps.net\/fr\/de-la-magie-dans-lair\/#breadcrumb","itemListElement":[{"@type":"ListItem","position":1,"name":"Portada","item":"https:\/\/www.lesseps.net\/fr\/"},{"@type":"ListItem","position":2,"name":"De la magie dans l&rsquo;air"}]},{"@type":"WebSite","@id":"https:\/\/www.lesseps.net\/fr\/#website","url":"https:\/\/www.lesseps.net\/fr\/","name":"\u00c9cole fran\u00e7aise FERDINAND DE LESSEPS","description":"Barcelona","publisher":{"@id":"https:\/\/www.lesseps.net\/fr\/#organization"},"potentialAction":[{"@type":"SearchAction","target":{"@type":"EntryPoint","urlTemplate":"https:\/\/www.lesseps.net\/fr\/?s={search_term_string}"},"query-input":{"@type":"PropertyValueSpecification","valueRequired":true,"valueName":"search_term_string"}}],"inLanguage":"fr-FR"},{"@type":"Organization","@id":"https:\/\/www.lesseps.net\/fr\/#organization","name":"\u00c9cole fran\u00e7aise FERDINAND DE LESSEPS","url":"https:\/\/www.lesseps.net\/fr\/","logo":{"@type":"ImageObject","inLanguage":"fr-FR","@id":"https:\/\/www.lesseps.net\/fr\/#\/schema\/logo\/image\/","url":"https:\/\/www.lesseps.net\/wp-content\/uploads\/2023\/02\/ecole-francaise-ferniand-de-lesseps.svg","contentUrl":"https:\/\/www.lesseps.net\/wp-content\/uploads\/2023\/02\/ecole-francaise-ferniand-de-lesseps.svg","caption":"\u00c9cole fran\u00e7aise FERDINAND DE LESSEPS"},"image":{"@id":"https:\/\/www.lesseps.net\/fr\/#\/schema\/logo\/image\/"},"sameAs":["https:\/\/www.instagram.com\/ecole.lesseps.barcelone\/","https:\/\/vimeo.com\/channels\/1305370","https:\/\/soundcloud.com\/lecole-2"]},{"@type":"Person","@id":"https:\/\/www.lesseps.net\/fr\/#\/schema\/person\/65b2a0b5d5a551ac52211b86014d1e0b","name":"b885c830be","image":{"@type":"ImageObject","inLanguage":"fr-FR","@id":"https:\/\/secure.gravatar.com\/avatar\/41cf099fc19fcd9e0edaa3c335c60c6eb87ee9ec89fa5c0e24a030cb4da1fdea?s=96&d=mm&r=g","url":"https:\/\/secure.gravatar.com\/avatar\/41cf099fc19fcd9e0edaa3c335c60c6eb87ee9ec89fa5c0e24a030cb4da1fdea?s=96&d=mm&r=g","contentUrl":"https:\/\/secure.gravatar.com\/avatar\/41cf099fc19fcd9e0edaa3c335c60c6eb87ee9ec89fa5c0e24a030cb4da1fdea?s=96&d=mm&r=g","caption":"b885c830be"},"sameAs":["https:\/\/www.lesseps.net\/newsite"]}]}},"_links":{"self":[{"href":"https:\/\/www.lesseps.net\/fr\/wp-json\/wp\/v2\/posts\/8661","targetHints":{"allow":["GET"]}}],"collection":[{"href":"https:\/\/www.lesseps.net\/fr\/wp-json\/wp\/v2\/posts"}],"about":[{"href":"https:\/\/www.lesseps.net\/fr\/wp-json\/wp\/v2\/types\/post"}],"author":[{"embeddable":true,"href":"https:\/\/www.lesseps.net\/fr\/wp-json\/wp\/v2\/users\/1"}],"replies":[{"embeddable":true,"href":"https:\/\/www.lesseps.net\/fr\/wp-json\/wp\/v2\/comments?post=8661"}],"version-history":[{"count":0,"href":"https:\/\/www.lesseps.net\/fr\/wp-json\/wp\/v2\/posts\/8661\/revisions"}],"wp:featuredmedia":[{"embeddable":true,"href":"https:\/\/www.lesseps.net\/fr\/wp-json\/wp\/v2\/media\/8657"}],"wp:attachment":[{"href":"https:\/\/www.lesseps.net\/fr\/wp-json\/wp\/v2\/media?parent=8661"}],"wp:term":[{"taxonomy":"category","embeddable":true,"href":"https:\/\/www.lesseps.net\/fr\/wp-json\/wp\/v2\/categories?post=8661"},{"taxonomy":"post_tag","embeddable":true,"href":"https:\/\/www.lesseps.net\/fr\/wp-json\/wp\/v2\/tags?post=8661"}],"curies":[{"name":"wp","href":"https:\/\/api.w.org\/{rel}","templated":true}]}}