{"id":9038,"date":"2023-12-27T19:45:40","date_gmt":"2023-12-27T18:45:40","guid":{"rendered":"https:\/\/www.lesseps.net\/proyecto-sobre-el-cine-en-el-colegio\/"},"modified":"2023-12-27T19:49:13","modified_gmt":"2023-12-27T18:49:13","slug":"proyecto-sobre-el-cine-en-el-colegio","status":"publish","type":"post","link":"https:\/\/www.lesseps.net\/fr\/proyecto-sobre-el-cine-en-el-colegio\/","title":{"rendered":"Projet autour du cin\u00e9ma dans l&rsquo;\u00e9cole"},"content":{"rendered":"\t\t<div data-elementor-type=\"wp-post\" data-elementor-id=\"9038\" class=\"elementor elementor-9038 elementor-9023\" data-elementor-post-type=\"post\">\n\t\t\t\t\t\t<section class=\"elementor-section elementor-top-section elementor-element elementor-element-2dd20fb9 elementor-section-boxed elementor-section-height-default elementor-section-height-default\" data-id=\"2dd20fb9\" data-element_type=\"section\" data-e-type=\"section\">\n\t\t\t\t\t\t<div class=\"elementor-container elementor-column-gap-default\">\n\t\t\t\t\t<div class=\"elementor-column elementor-col-50 elementor-top-column elementor-element elementor-element-d90fb8f\" data-id=\"d90fb8f\" data-element_type=\"column\" data-e-type=\"column\">\n\t\t\t<div class=\"elementor-widget-wrap elementor-element-populated\">\n\t\t\t\t\t\t<div class=\"elementor-element elementor-element-2b2cec60 elementor-widget elementor-widget-text-editor\" data-id=\"2b2cec60\" data-element_type=\"widget\" data-e-type=\"widget\" data-widget_type=\"text-editor.default\">\n\t\t\t\t<div class=\"elementor-widget-container\">\n\t\t\t\t\t\t\t\t\t<p>Cette ann\u00e9e, l&rsquo;\u00e9cole met en place un <strong>projet d\u2019\u00e9cole autour du cin\u00e9ma<\/strong> qui concerne toutes les classes de l\u2019\u00e9l\u00e9mentaire du CP au CM2. L\u2019objectif principal est d\u2019organiser la rencontre entre les \u00e9l\u00e8ves et le septi\u00e8me art \u00e0 travers des sorties cin\u00e9ma, des interventions vari\u00e9es en classe, une table ronde.<\/p>\n\t\t\t\t\t\t\t\t<\/div>\n\t\t\t\t<\/div>\n\t\t\t\t\t<\/div>\n\t\t<\/div>\n\t\t\t\t<div class=\"elementor-column elementor-col-50 elementor-top-column elementor-element elementor-element-4790a0e\" data-id=\"4790a0e\" data-element_type=\"column\" data-e-type=\"column\">\n\t\t\t<div class=\"elementor-widget-wrap elementor-element-populated\">\n\t\t\t\t\t\t<div class=\"elementor-element elementor-element-80cca86 elementor-widget elementor-widget-image\" data-id=\"80cca86\" data-element_type=\"widget\" data-e-type=\"widget\" data-widget_type=\"image.default\">\n\t\t\t\t<div class=\"elementor-widget-container\">\n\t\t\t\t\t\t\t\t\t\t\t\t\t\t\t<img fetchpriority=\"high\" decoding=\"async\" width=\"1200\" height=\"740\" src=\"https:\/\/www.lesseps.net\/wp-content\/uploads\/2023\/12\/cine-1.jpg\" class=\"attachment-full size-full wp-image-9032\" alt=\"\" srcset=\"https:\/\/www.lesseps.net\/wp-content\/uploads\/2023\/12\/cine-1.jpg 1200w, https:\/\/www.lesseps.net\/wp-content\/uploads\/2023\/12\/cine-1-300x185.jpg 300w, https:\/\/www.lesseps.net\/wp-content\/uploads\/2023\/12\/cine-1-1024x631.jpg 1024w, https:\/\/www.lesseps.net\/wp-content\/uploads\/2023\/12\/cine-1-768x474.jpg 768w\" sizes=\"(max-width: 1200px) 100vw, 1200px\" \/>\t\t\t\t\t\t\t\t\t\t\t\t\t\t\t<\/div>\n\t\t\t\t<\/div>\n\t\t\t\t\t<\/div>\n\t\t<\/div>\n\t\t\t\t\t<\/div>\n\t\t<\/section>\n\t\t\t\t<section class=\"elementor-section elementor-top-section elementor-element elementor-element-9b3dc68 elementor-section-boxed elementor-section-height-default elementor-section-height-default\" data-id=\"9b3dc68\" data-element_type=\"section\" data-e-type=\"section\">\n\t\t\t\t\t\t<div class=\"elementor-container elementor-column-gap-default\">\n\t\t\t\t\t<div class=\"elementor-column elementor-col-100 elementor-top-column elementor-element elementor-element-494497d\" data-id=\"494497d\" data-element_type=\"column\" data-e-type=\"column\">\n\t\t\t<div class=\"elementor-widget-wrap elementor-element-populated\">\n\t\t\t\t\t\t<div class=\"elementor-element elementor-element-9d95418 elementor-widget elementor-widget-image\" data-id=\"9d95418\" data-element_type=\"widget\" data-e-type=\"widget\" data-widget_type=\"image.default\">\n\t\t\t\t<div class=\"elementor-widget-container\">\n\t\t\t\t\t\t\t\t\t\t\t\t\t\t\t<img decoding=\"async\" width=\"768\" height=\"576\" src=\"https:\/\/www.lesseps.net\/wp-content\/uploads\/2023\/12\/cine-2-768x576.jpg\" class=\"attachment-medium_large size-medium_large wp-image-9028\" alt=\"\" srcset=\"https:\/\/www.lesseps.net\/wp-content\/uploads\/2023\/12\/cine-2-768x576.jpg 768w, https:\/\/www.lesseps.net\/wp-content\/uploads\/2023\/12\/cine-2-300x225.jpg 300w, https:\/\/www.lesseps.net\/wp-content\/uploads\/2023\/12\/cine-2-1024x768.jpg 1024w, https:\/\/www.lesseps.net\/wp-content\/uploads\/2023\/12\/cine-2.jpg 1200w\" sizes=\"(max-width: 768px) 100vw, 768px\" \/>\t\t\t\t\t\t\t\t\t\t\t\t\t\t\t<\/div>\n\t\t\t\t<\/div>\n\t\t\t\t<div class=\"elementor-element elementor-element-54da24a elementor-widget elementor-widget-text-editor\" data-id=\"54da24a\" data-element_type=\"widget\" data-e-type=\"widget\" data-widget_type=\"text-editor.default\">\n\t\t\t\t<div class=\"elementor-widget-container\">\n\t\t\t\t\t\t\t\t\t<p>En novembre certaines classes, dont les CE2 ont particip\u00e9 au concours de critiques du festival de cin\u00e9ma, \u00ab <strong>El meu primer festival<\/strong> \u00bb . Apr\u00e8s avoir visionn\u00e9 deux courts m\u00e9trages ensemble en classe, les \u00e9l\u00e8ves ont envoy\u00e9 <strong>leurs critiques<\/strong> et vot\u00e9 pour <strong>leur oeuvre pr\u00e9f\u00e9r\u00e9e<\/strong> par vid\u00e9o.<\/p>\n\t\t\t\t\t\t\t\t<\/div>\n\t\t\t\t<\/div>\n\t\t\t\t\t<\/div>\n\t\t<\/div>\n\t\t\t\t\t<\/div>\n\t\t<\/section>\n\t\t\t\t<\/div>\n\t\t","protected":false},"excerpt":{"rendered":"<p>Cette ann\u00e9e, l&rsquo;\u00e9cole met en place un projet d\u2019\u00e9cole autour du cin\u00e9ma qui concerne toutes les classes de l\u2019\u00e9l\u00e9mentaire du CP au CM2. L\u2019objectif principal est d\u2019organiser la rencontre entre les \u00e9l\u00e8ves et le septi\u00e8me art \u00e0 travers des sorties cin\u00e9ma, des interventions vari\u00e9es en classe, une table ronde. En novembre certaines classes, dont les [&hellip;]<\/p>\n","protected":false},"author":1,"featured_media":9032,"comment_status":"open","ping_status":"open","sticky":false,"template":"","format":"standard","meta":{"_acf_changed":false,"footnotes":""},"categories":[45],"tags":[],"class_list":["post-9038","post","type-post","status-publish","format-standard","has-post-thumbnail","hentry","category-sin-categorizar-fr"],"acf":[],"yoast_head":"<!-- This site is optimized with the Yoast SEO plugin v27.4 - https:\/\/yoast.com\/product\/yoast-seo-wordpress\/ -->\n<title>Projet autour du cin\u00e9ma dans l&#039;\u00e9cole - \u00c9cole fran\u00e7aise FERDINAND DE LESSEPS<\/title>\n<meta name=\"robots\" content=\"index, follow, max-snippet:-1, max-image-preview:large, max-video-preview:-1\" \/>\n<link rel=\"canonical\" href=\"https:\/\/www.lesseps.net\/fr\/proyecto-sobre-el-cine-en-el-colegio\/\" \/>\n<meta property=\"og:locale\" content=\"fr_FR\" \/>\n<meta property=\"og:type\" content=\"article\" \/>\n<meta property=\"og:title\" content=\"Projet autour du cin\u00e9ma dans l&#039;\u00e9cole - \u00c9cole fran\u00e7aise FERDINAND DE LESSEPS\" \/>\n<meta property=\"og:description\" content=\"Cette ann\u00e9e, l&rsquo;\u00e9cole met en place un projet d\u2019\u00e9cole autour du cin\u00e9ma qui concerne toutes les classes de l\u2019\u00e9l\u00e9mentaire du CP au CM2. L\u2019objectif principal est d\u2019organiser la rencontre entre les \u00e9l\u00e8ves et le septi\u00e8me art \u00e0 travers des sorties cin\u00e9ma, des interventions vari\u00e9es en classe, une table ronde. En novembre certaines classes, dont les [&hellip;]\" \/>\n<meta property=\"og:url\" content=\"https:\/\/www.lesseps.net\/fr\/proyecto-sobre-el-cine-en-el-colegio\/\" \/>\n<meta property=\"og:site_name\" content=\"\u00c9cole fran\u00e7aise FERDINAND DE LESSEPS\" \/>\n<meta property=\"article:published_time\" content=\"2023-12-27T18:45:40+00:00\" \/>\n<meta property=\"article:modified_time\" content=\"2023-12-27T18:49:13+00:00\" \/>\n<meta property=\"og:image\" content=\"https:\/\/www.lesseps.net\/wp-content\/uploads\/2023\/12\/cine-1.jpg\" \/>\n\t<meta property=\"og:image:width\" content=\"1200\" \/>\n\t<meta property=\"og:image:height\" content=\"740\" \/>\n\t<meta property=\"og:image:type\" content=\"image\/jpeg\" \/>\n<meta name=\"author\" content=\"b885c830be\" \/>\n<meta name=\"twitter:card\" content=\"summary_large_image\" \/>\n<meta name=\"twitter:label1\" content=\"\u00c9crit par\" \/>\n\t<meta name=\"twitter:data1\" content=\"b885c830be\" \/>\n\t<meta name=\"twitter:label2\" content=\"Dur\u00e9e de lecture estim\u00e9e\" \/>\n\t<meta name=\"twitter:data2\" content=\"1 minute\" \/>\n<script type=\"application\/ld+json\" class=\"yoast-schema-graph\">{\"@context\":\"https:\\\/\\\/schema.org\",\"@graph\":[{\"@type\":\"Article\",\"@id\":\"https:\\\/\\\/www.lesseps.net\\\/fr\\\/proyecto-sobre-el-cine-en-el-colegio\\\/#article\",\"isPartOf\":{\"@id\":\"https:\\\/\\\/www.lesseps.net\\\/fr\\\/proyecto-sobre-el-cine-en-el-colegio\\\/\"},\"author\":{\"name\":\"b885c830be\",\"@id\":\"https:\\\/\\\/www.lesseps.net\\\/fr\\\/#\\\/schema\\\/person\\\/65b2a0b5d5a551ac52211b86014d1e0b\"},\"headline\":\"Projet autour du cin\u00e9ma dans l&rsquo;\u00e9cole\",\"datePublished\":\"2023-12-27T18:45:40+00:00\",\"dateModified\":\"2023-12-27T18:49:13+00:00\",\"mainEntityOfPage\":{\"@id\":\"https:\\\/\\\/www.lesseps.net\\\/fr\\\/proyecto-sobre-el-cine-en-el-colegio\\\/\"},\"wordCount\":120,\"commentCount\":0,\"publisher\":{\"@id\":\"https:\\\/\\\/www.lesseps.net\\\/fr\\\/#organization\"},\"image\":{\"@id\":\"https:\\\/\\\/www.lesseps.net\\\/fr\\\/proyecto-sobre-el-cine-en-el-colegio\\\/#primaryimage\"},\"thumbnailUrl\":\"https:\\\/\\\/www.lesseps.net\\\/wp-content\\\/uploads\\\/2023\\\/12\\\/cine-1.jpg\",\"articleSection\":[\"Sin categorizar\"],\"inLanguage\":\"fr-FR\",\"potentialAction\":[{\"@type\":\"CommentAction\",\"name\":\"Comment\",\"target\":[\"https:\\\/\\\/www.lesseps.net\\\/fr\\\/proyecto-sobre-el-cine-en-el-colegio\\\/#respond\"]}]},{\"@type\":\"WebPage\",\"@id\":\"https:\\\/\\\/www.lesseps.net\\\/fr\\\/proyecto-sobre-el-cine-en-el-colegio\\\/\",\"url\":\"https:\\\/\\\/www.lesseps.net\\\/fr\\\/proyecto-sobre-el-cine-en-el-colegio\\\/\",\"name\":\"Projet autour du cin\u00e9ma dans l'\u00e9cole - \u00c9cole fran\u00e7aise FERDINAND DE LESSEPS\",\"isPartOf\":{\"@id\":\"https:\\\/\\\/www.lesseps.net\\\/fr\\\/#website\"},\"primaryImageOfPage\":{\"@id\":\"https:\\\/\\\/www.lesseps.net\\\/fr\\\/proyecto-sobre-el-cine-en-el-colegio\\\/#primaryimage\"},\"image\":{\"@id\":\"https:\\\/\\\/www.lesseps.net\\\/fr\\\/proyecto-sobre-el-cine-en-el-colegio\\\/#primaryimage\"},\"thumbnailUrl\":\"https:\\\/\\\/www.lesseps.net\\\/wp-content\\\/uploads\\\/2023\\\/12\\\/cine-1.jpg\",\"datePublished\":\"2023-12-27T18:45:40+00:00\",\"dateModified\":\"2023-12-27T18:49:13+00:00\",\"breadcrumb\":{\"@id\":\"https:\\\/\\\/www.lesseps.net\\\/fr\\\/proyecto-sobre-el-cine-en-el-colegio\\\/#breadcrumb\"},\"inLanguage\":\"fr-FR\",\"potentialAction\":[{\"@type\":\"ReadAction\",\"target\":[\"https:\\\/\\\/www.lesseps.net\\\/fr\\\/proyecto-sobre-el-cine-en-el-colegio\\\/\"]}]},{\"@type\":\"ImageObject\",\"inLanguage\":\"fr-FR\",\"@id\":\"https:\\\/\\\/www.lesseps.net\\\/fr\\\/proyecto-sobre-el-cine-en-el-colegio\\\/#primaryimage\",\"url\":\"https:\\\/\\\/www.lesseps.net\\\/wp-content\\\/uploads\\\/2023\\\/12\\\/cine-1.jpg\",\"contentUrl\":\"https:\\\/\\\/www.lesseps.net\\\/wp-content\\\/uploads\\\/2023\\\/12\\\/cine-1.jpg\",\"width\":1200,\"height\":740},{\"@type\":\"BreadcrumbList\",\"@id\":\"https:\\\/\\\/www.lesseps.net\\\/fr\\\/proyecto-sobre-el-cine-en-el-colegio\\\/#breadcrumb\",\"itemListElement\":[{\"@type\":\"ListItem\",\"position\":1,\"name\":\"Portada\",\"item\":\"https:\\\/\\\/www.lesseps.net\\\/fr\\\/\"},{\"@type\":\"ListItem\",\"position\":2,\"name\":\"Projet autour du cin\u00e9ma dans l&rsquo;\u00e9cole\"}]},{\"@type\":\"WebSite\",\"@id\":\"https:\\\/\\\/www.lesseps.net\\\/fr\\\/#website\",\"url\":\"https:\\\/\\\/www.lesseps.net\\\/fr\\\/\",\"name\":\"\u00c9cole fran\u00e7aise FERDINAND DE LESSEPS\",\"description\":\"Barcelona\",\"publisher\":{\"@id\":\"https:\\\/\\\/www.lesseps.net\\\/fr\\\/#organization\"},\"potentialAction\":[{\"@type\":\"SearchAction\",\"target\":{\"@type\":\"EntryPoint\",\"urlTemplate\":\"https:\\\/\\\/www.lesseps.net\\\/fr\\\/?s={search_term_string}\"},\"query-input\":{\"@type\":\"PropertyValueSpecification\",\"valueRequired\":true,\"valueName\":\"search_term_string\"}}],\"inLanguage\":\"fr-FR\"},{\"@type\":\"Organization\",\"@id\":\"https:\\\/\\\/www.lesseps.net\\\/fr\\\/#organization\",\"name\":\"\u00c9cole fran\u00e7aise FERDINAND DE LESSEPS\",\"url\":\"https:\\\/\\\/www.lesseps.net\\\/fr\\\/\",\"logo\":{\"@type\":\"ImageObject\",\"inLanguage\":\"fr-FR\",\"@id\":\"https:\\\/\\\/www.lesseps.net\\\/fr\\\/#\\\/schema\\\/logo\\\/image\\\/\",\"url\":\"https:\\\/\\\/www.lesseps.net\\\/wp-content\\\/uploads\\\/2023\\\/02\\\/ecole-francaise-ferniand-de-lesseps.svg\",\"contentUrl\":\"https:\\\/\\\/www.lesseps.net\\\/wp-content\\\/uploads\\\/2023\\\/02\\\/ecole-francaise-ferniand-de-lesseps.svg\",\"caption\":\"\u00c9cole fran\u00e7aise FERDINAND DE LESSEPS\"},\"image\":{\"@id\":\"https:\\\/\\\/www.lesseps.net\\\/fr\\\/#\\\/schema\\\/logo\\\/image\\\/\"},\"sameAs\":[\"https:\\\/\\\/www.instagram.com\\\/ecole.lesseps.barcelone\\\/\",\"https:\\\/\\\/vimeo.com\\\/channels\\\/1305370\",\"https:\\\/\\\/soundcloud.com\\\/lecole-2\"]},{\"@type\":\"Person\",\"@id\":\"https:\\\/\\\/www.lesseps.net\\\/fr\\\/#\\\/schema\\\/person\\\/65b2a0b5d5a551ac52211b86014d1e0b\",\"name\":\"b885c830be\",\"image\":{\"@type\":\"ImageObject\",\"inLanguage\":\"fr-FR\",\"@id\":\"https:\\\/\\\/secure.gravatar.com\\\/avatar\\\/41cf099fc19fcd9e0edaa3c335c60c6eb87ee9ec89fa5c0e24a030cb4da1fdea?s=96&d=mm&r=g\",\"url\":\"https:\\\/\\\/secure.gravatar.com\\\/avatar\\\/41cf099fc19fcd9e0edaa3c335c60c6eb87ee9ec89fa5c0e24a030cb4da1fdea?s=96&d=mm&r=g\",\"contentUrl\":\"https:\\\/\\\/secure.gravatar.com\\\/avatar\\\/41cf099fc19fcd9e0edaa3c335c60c6eb87ee9ec89fa5c0e24a030cb4da1fdea?s=96&d=mm&r=g\",\"caption\":\"b885c830be\"},\"sameAs\":[\"https:\\\/\\\/www.lesseps.net\\\/newsite\"]}]}<\/script>\n<!-- \/ Yoast SEO plugin. -->","yoast_head_json":{"title":"Projet autour du cin\u00e9ma dans l'\u00e9cole - \u00c9cole fran\u00e7aise FERDINAND DE LESSEPS","robots":{"index":"index","follow":"follow","max-snippet":"max-snippet:-1","max-image-preview":"max-image-preview:large","max-video-preview":"max-video-preview:-1"},"canonical":"https:\/\/www.lesseps.net\/fr\/proyecto-sobre-el-cine-en-el-colegio\/","og_locale":"fr_FR","og_type":"article","og_title":"Projet autour du cin\u00e9ma dans l'\u00e9cole - \u00c9cole fran\u00e7aise FERDINAND DE LESSEPS","og_description":"Cette ann\u00e9e, l&rsquo;\u00e9cole met en place un projet d\u2019\u00e9cole autour du cin\u00e9ma qui concerne toutes les classes de l\u2019\u00e9l\u00e9mentaire du CP au CM2. L\u2019objectif principal est d\u2019organiser la rencontre entre les \u00e9l\u00e8ves et le septi\u00e8me art \u00e0 travers des sorties cin\u00e9ma, des interventions vari\u00e9es en classe, une table ronde. En novembre certaines classes, dont les [&hellip;]","og_url":"https:\/\/www.lesseps.net\/fr\/proyecto-sobre-el-cine-en-el-colegio\/","og_site_name":"\u00c9cole fran\u00e7aise FERDINAND DE LESSEPS","article_published_time":"2023-12-27T18:45:40+00:00","article_modified_time":"2023-12-27T18:49:13+00:00","og_image":[{"width":1200,"height":740,"url":"https:\/\/www.lesseps.net\/wp-content\/uploads\/2023\/12\/cine-1.jpg","type":"image\/jpeg"}],"author":"b885c830be","twitter_card":"summary_large_image","twitter_misc":{"\u00c9crit par":"b885c830be","Dur\u00e9e de lecture estim\u00e9e":"1 minute"},"schema":{"@context":"https:\/\/schema.org","@graph":[{"@type":"Article","@id":"https:\/\/www.lesseps.net\/fr\/proyecto-sobre-el-cine-en-el-colegio\/#article","isPartOf":{"@id":"https:\/\/www.lesseps.net\/fr\/proyecto-sobre-el-cine-en-el-colegio\/"},"author":{"name":"b885c830be","@id":"https:\/\/www.lesseps.net\/fr\/#\/schema\/person\/65b2a0b5d5a551ac52211b86014d1e0b"},"headline":"Projet autour du cin\u00e9ma dans l&rsquo;\u00e9cole","datePublished":"2023-12-27T18:45:40+00:00","dateModified":"2023-12-27T18:49:13+00:00","mainEntityOfPage":{"@id":"https:\/\/www.lesseps.net\/fr\/proyecto-sobre-el-cine-en-el-colegio\/"},"wordCount":120,"commentCount":0,"publisher":{"@id":"https:\/\/www.lesseps.net\/fr\/#organization"},"image":{"@id":"https:\/\/www.lesseps.net\/fr\/proyecto-sobre-el-cine-en-el-colegio\/#primaryimage"},"thumbnailUrl":"https:\/\/www.lesseps.net\/wp-content\/uploads\/2023\/12\/cine-1.jpg","articleSection":["Sin categorizar"],"inLanguage":"fr-FR","potentialAction":[{"@type":"CommentAction","name":"Comment","target":["https:\/\/www.lesseps.net\/fr\/proyecto-sobre-el-cine-en-el-colegio\/#respond"]}]},{"@type":"WebPage","@id":"https:\/\/www.lesseps.net\/fr\/proyecto-sobre-el-cine-en-el-colegio\/","url":"https:\/\/www.lesseps.net\/fr\/proyecto-sobre-el-cine-en-el-colegio\/","name":"Projet autour du cin\u00e9ma dans l'\u00e9cole - \u00c9cole fran\u00e7aise FERDINAND DE LESSEPS","isPartOf":{"@id":"https:\/\/www.lesseps.net\/fr\/#website"},"primaryImageOfPage":{"@id":"https:\/\/www.lesseps.net\/fr\/proyecto-sobre-el-cine-en-el-colegio\/#primaryimage"},"image":{"@id":"https:\/\/www.lesseps.net\/fr\/proyecto-sobre-el-cine-en-el-colegio\/#primaryimage"},"thumbnailUrl":"https:\/\/www.lesseps.net\/wp-content\/uploads\/2023\/12\/cine-1.jpg","datePublished":"2023-12-27T18:45:40+00:00","dateModified":"2023-12-27T18:49:13+00:00","breadcrumb":{"@id":"https:\/\/www.lesseps.net\/fr\/proyecto-sobre-el-cine-en-el-colegio\/#breadcrumb"},"inLanguage":"fr-FR","potentialAction":[{"@type":"ReadAction","target":["https:\/\/www.lesseps.net\/fr\/proyecto-sobre-el-cine-en-el-colegio\/"]}]},{"@type":"ImageObject","inLanguage":"fr-FR","@id":"https:\/\/www.lesseps.net\/fr\/proyecto-sobre-el-cine-en-el-colegio\/#primaryimage","url":"https:\/\/www.lesseps.net\/wp-content\/uploads\/2023\/12\/cine-1.jpg","contentUrl":"https:\/\/www.lesseps.net\/wp-content\/uploads\/2023\/12\/cine-1.jpg","width":1200,"height":740},{"@type":"BreadcrumbList","@id":"https:\/\/www.lesseps.net\/fr\/proyecto-sobre-el-cine-en-el-colegio\/#breadcrumb","itemListElement":[{"@type":"ListItem","position":1,"name":"Portada","item":"https:\/\/www.lesseps.net\/fr\/"},{"@type":"ListItem","position":2,"name":"Projet autour du cin\u00e9ma dans l&rsquo;\u00e9cole"}]},{"@type":"WebSite","@id":"https:\/\/www.lesseps.net\/fr\/#website","url":"https:\/\/www.lesseps.net\/fr\/","name":"\u00c9cole fran\u00e7aise FERDINAND DE LESSEPS","description":"Barcelona","publisher":{"@id":"https:\/\/www.lesseps.net\/fr\/#organization"},"potentialAction":[{"@type":"SearchAction","target":{"@type":"EntryPoint","urlTemplate":"https:\/\/www.lesseps.net\/fr\/?s={search_term_string}"},"query-input":{"@type":"PropertyValueSpecification","valueRequired":true,"valueName":"search_term_string"}}],"inLanguage":"fr-FR"},{"@type":"Organization","@id":"https:\/\/www.lesseps.net\/fr\/#organization","name":"\u00c9cole fran\u00e7aise FERDINAND DE LESSEPS","url":"https:\/\/www.lesseps.net\/fr\/","logo":{"@type":"ImageObject","inLanguage":"fr-FR","@id":"https:\/\/www.lesseps.net\/fr\/#\/schema\/logo\/image\/","url":"https:\/\/www.lesseps.net\/wp-content\/uploads\/2023\/02\/ecole-francaise-ferniand-de-lesseps.svg","contentUrl":"https:\/\/www.lesseps.net\/wp-content\/uploads\/2023\/02\/ecole-francaise-ferniand-de-lesseps.svg","caption":"\u00c9cole fran\u00e7aise FERDINAND DE LESSEPS"},"image":{"@id":"https:\/\/www.lesseps.net\/fr\/#\/schema\/logo\/image\/"},"sameAs":["https:\/\/www.instagram.com\/ecole.lesseps.barcelone\/","https:\/\/vimeo.com\/channels\/1305370","https:\/\/soundcloud.com\/lecole-2"]},{"@type":"Person","@id":"https:\/\/www.lesseps.net\/fr\/#\/schema\/person\/65b2a0b5d5a551ac52211b86014d1e0b","name":"b885c830be","image":{"@type":"ImageObject","inLanguage":"fr-FR","@id":"https:\/\/secure.gravatar.com\/avatar\/41cf099fc19fcd9e0edaa3c335c60c6eb87ee9ec89fa5c0e24a030cb4da1fdea?s=96&d=mm&r=g","url":"https:\/\/secure.gravatar.com\/avatar\/41cf099fc19fcd9e0edaa3c335c60c6eb87ee9ec89fa5c0e24a030cb4da1fdea?s=96&d=mm&r=g","contentUrl":"https:\/\/secure.gravatar.com\/avatar\/41cf099fc19fcd9e0edaa3c335c60c6eb87ee9ec89fa5c0e24a030cb4da1fdea?s=96&d=mm&r=g","caption":"b885c830be"},"sameAs":["https:\/\/www.lesseps.net\/newsite"]}]}},"_links":{"self":[{"href":"https:\/\/www.lesseps.net\/fr\/wp-json\/wp\/v2\/posts\/9038","targetHints":{"allow":["GET"]}}],"collection":[{"href":"https:\/\/www.lesseps.net\/fr\/wp-json\/wp\/v2\/posts"}],"about":[{"href":"https:\/\/www.lesseps.net\/fr\/wp-json\/wp\/v2\/types\/post"}],"author":[{"embeddable":true,"href":"https:\/\/www.lesseps.net\/fr\/wp-json\/wp\/v2\/users\/1"}],"replies":[{"embeddable":true,"href":"https:\/\/www.lesseps.net\/fr\/wp-json\/wp\/v2\/comments?post=9038"}],"version-history":[{"count":0,"href":"https:\/\/www.lesseps.net\/fr\/wp-json\/wp\/v2\/posts\/9038\/revisions"}],"wp:featuredmedia":[{"embeddable":true,"href":"https:\/\/www.lesseps.net\/fr\/wp-json\/wp\/v2\/media\/9032"}],"wp:attachment":[{"href":"https:\/\/www.lesseps.net\/fr\/wp-json\/wp\/v2\/media?parent=9038"}],"wp:term":[{"taxonomy":"category","embeddable":true,"href":"https:\/\/www.lesseps.net\/fr\/wp-json\/wp\/v2\/categories?post=9038"},{"taxonomy":"post_tag","embeddable":true,"href":"https:\/\/www.lesseps.net\/fr\/wp-json\/wp\/v2\/tags?post=9038"}],"curies":[{"name":"wp","href":"https:\/\/api.w.org\/{rel}","templated":true}]}}